{"id":11011,"date":"2026-07-31T12:11:39","date_gmt":"2026-07-31T15:11:39","guid":{"rendered":"https:\/\/radiokissnoticias.com.ar\/web\/?p=11011"},"modified":"2026-07-31T12:11:39","modified_gmt":"2026-07-31T15:11:39","slug":"encuesta-javier-milei-no-crece-pero-axel-kicillof-cae-la-reeleccion-se-juega-en-el-rechazo-ajeno","status":"publish","type":"post","link":"https:\/\/radiokissnoticias.com.ar\/web\/2026\/07\/31\/encuesta-javier-milei-no-crece-pero-axel-kicillof-cae-la-reeleccion-se-juega-en-el-rechazo-ajeno\/","title":{"rendered":"Encuesta: Javier Milei no crece, pero Axel Kicillof cae, la reelecci\u00f3n se juega en el rechazo ajeno"},"content":{"rendered":"<p>La encuesta de RDT Consultores muestra que el \u00cdndice de Reelegibilidad de Javier Milei se sostiene en 72 sobre 100, pero por la v\u00eda m\u00e1s fr\u00e1gil: no ganar\u00eda en primera vuelta y solo se impone en un balotaje ajustado, mientras crecen a la par su aprobaci\u00f3n y su rechazo.<\/p>\n<p>A quince meses de la elecci\u00f3n presidencial, la \u00faltima encuesta nacional de Reale Dalla Torre (RDT) Consultores deja un dato que refleja el clima pol\u00edtico-electoral: el \u00cdndice de Reelegibilidad de Javier Milei se ubica en 72 sobre 100, dentro de zona favorable por segundo mes consecutivo. Pero el propio informe advierte que se trata de la reelecci\u00f3n &#8220;m\u00e1s fr\u00e1gil&#8221; posible: no se sostiene en la adhesi\u00f3n propia del Presidente, sino en que su eventual rival concentra todav\u00eda m\u00e1s rechazo que \u00e9l.<\/p>\n<p><b>El dato m\u00e1s destacado: la paradoja de julio<\/b><\/p>\n<div>\nEl hallazgo central del relevamiento es lo que el propio estudio bautiza como &#8220;la paradoja del mes&#8221;: mejora todo\u2026 y tambi\u00e9n empeora. Por un lado, la aprobaci\u00f3n de la gesti\u00f3n de Milei subi\u00f3 de 30,7% en junio a 32,6% en julio, y su imagen positiva creci\u00f3 de 38,0% en marzo a 39,3% en julio. Pero, en simult\u00e1neo, su imagen negativa tambi\u00e9n trep\u00f3 a 53,1%, su peor marca de la serie 2026 (part\u00eda de 44,8% en marzo), y la desaprobaci\u00f3n de su gesti\u00f3n se mantiene en 54,4%.<\/p>\n<p>La explicaci\u00f3n que ofrece el estudio es la reducci\u00f3n del electorado indeciso: el pa\u00eds se estar\u00eda &#8220;terminando de decidir&#8221;, a favor o en contra, lo que endurece simult\u00e1neamente el piso y el techo del oficialismo.<\/p>\n<p><b>Por qu\u00e9 reelige: el balotaje, no la primera vuelta<br \/>\n<\/b><br \/>\nSeg\u00fan el \u00cdndice de Reelegibilidad \u2014que RDT construye combinando la intenci\u00f3n de voto en primera vuelta con la proyecci\u00f3n de un balotaje\u2014, Milei no alcanzar\u00eda la primera vuelta: su intenci\u00f3n de voto validada es de 39,8%, por debajo del umbral necesario para ganar sin segunda vuelta (el estudio ubica ese piso en 45% de los votos v\u00e1lidos). En un escenario de balotaje contra Axel Kicillof, en cambio, Milei se impondr\u00eda de manera ajustada, con 52,6% de los votos v\u00e1lidos proyectados (52,8% en junio), frente a Kicillof.<\/p>\n<p>En el escenario de balotaje relevado sin proyecci\u00f3n de indecisos, la distribuci\u00f3n es Milei 43,3%, Kicillof 36,4%, voto en blanco 12,1% y no sabe 11,8%. Ese voto en blanco cae por tercer mes consecutivo (18,3% en mayo, 13,6% en junio, 12,1% en julio), otro indicador de la polarizaci\u00f3n creciente que &#8220;ordena&#8221; a los indecisos.<\/p>\n<p>En intenci\u00f3n de voto de primera vuelta con todos los candidatos, Milei encabeza con 30,5%, seguido por Axel Kicillof con 14,8%, un &#8220;espacio nuevo y diferente&#8221; con 10,4%, y Myriam Bregman y Sergio Massa empatados en 6,4% cada uno. El voto en blanco o sin definici\u00f3n asciende a 14,2%.<\/p><\/div>\n<div><\/div>\n<div>\n<div><b>Otros datos relevantes<\/b><\/div>\n<div>\nLa principal preocupaci\u00f3n ciudadana sigue siendo econ\u00f3mica: 53,5% menciona que &#8220;no alcanza el dinero&#8221; entre sus tres problemas principales, seguido por empleo (42,0%) e inseguridad (39,8%). La corrupci\u00f3n trep\u00f3 a 37,5%, consolidando el salto que hab\u00eda dado en junio.<\/p>\n<p>El pesimismo sobre el futuro del pa\u00eds crece: 55,3% cree que la situaci\u00f3n econ\u00f3mica estar\u00e1 igual de mal o peor el a\u00f1o pr\u00f3ximo, contra apenas 33,8% que espera una mejora.<\/p>\n<p>En el ranking de imagen de dirigentes, Milei es el \u00fanico con diferencial menos negativo (-13,8), muy por delante de Cristina Kirchner (-23,4), Victoria Villarruel (-16,1), Axel Kicillof (-26) y Mauricio Macri, quien registra la peor imagen de todo el ranking (-44,8, con 66,4% de imagen negativa).<\/p>\n<p>La consultora aclara que el escenario de balotaje asume a Axel Kicillof como rival de Milei y afirma que una eventual renovaci\u00f3n de candidatos en el peronismo podr\u00eda modificar tanto el resultado del balotaje como el propio \u00edndice. Se trata, en palabras del estudio, de &#8220;una foto del escenario actual, no un pron\u00f3stico&#8221;.<\/p>\n<p>Ficha t\u00e9cnica: la encuesta se realiz\u00f3 entre el 24 y 28 de julio de 2026 sobre 1162 en todo el territorio nacional. Relevamiento 100% digital, a trav\u00e9s de redes sociales.<\/p><\/div>\n<\/div>\n","protected":false},"excerpt":{"rendered":"<p>La encuesta de RDT Consultores muestra que el \u00cdndice de Reelegibilidad de Javier Milei se sostiene en 72 sobre 100, pero por la v\u00eda m\u00e1s fr\u00e1gil: no ganar\u00eda en primera vuelta y solo se impone en un balotaje ajustado, mientras crecen a la par su aprobaci\u00f3n y su rechazo. A quince meses de la elecci\u00f3n [&hellip;]<\/p>\n","protected":false},"author":2,"featured_media":11012,"comment_status":"open","ping_status":"open","sticky":false,"template":"","format":"standard","meta":{"footnotes":""},"categories":[81],"tags":[],"class_list":["post-11011","post","type-post","status-publish","format-standard","has-post-thumbnail","category-politica"],"_links":{"self":[{"href":"https:\/\/radiokissnoticias.com.ar\/web\/wp-json\/wp\/v2\/posts\/11011","targetHints":{"allow":["GET"]}}],"collection":[{"href":"https:\/\/radiokissnoticias.com.ar\/web\/wp-json\/wp\/v2\/posts"}],"about":[{"href":"https:\/\/radiokissnoticias.com.ar\/web\/wp-json\/wp\/v2\/types\/post"}],"author":[{"embeddable":true,"href":"https:\/\/radiokissnoticias.com.ar\/web\/wp-json\/wp\/v2\/users\/2"}],"replies":[{"embeddable":true,"href":"https:\/\/radiokissnoticias.com.ar\/web\/wp-json\/wp\/v2\/comments?post=11011"}],"version-history":[{"count":1,"href":"https:\/\/radiokissnoticias.com.ar\/web\/wp-json\/wp\/v2\/posts\/11011\/revisions"}],"predecessor-version":[{"id":11013,"href":"https:\/\/radiokissnoticias.com.ar\/web\/wp-json\/wp\/v2\/posts\/11011\/revisions\/11013"}],"wp:featuredmedia":[{"embeddable":true,"href":"https:\/\/radiokissnoticias.com.ar\/web\/wp-json\/wp\/v2\/media\/11012"}],"wp:attachment":[{"href":"https:\/\/radiokissnoticias.com.ar\/web\/wp-json\/wp\/v2\/media?parent=11011"}],"wp:term":[{"taxonomy":"category","embeddable":true,"href":"https:\/\/radiokissnoticias.com.ar\/web\/wp-json\/wp\/v2\/categories?post=11011"},{"taxonomy":"post_tag","embeddable":true,"href":"https:\/\/radiokissnoticias.com.ar\/web\/wp-json\/wp\/v2\/tags?post=11011"}],"curies":[{"name":"wp","href":"https:\/\/api.w.org\/{rel}","templated":true}]}}