{"id":11004,"date":"2026-07-31T12:05:46","date_gmt":"2026-07-31T15:05:46","guid":{"rendered":"https:\/\/radiokissnoticias.com.ar\/web\/?p=11004"},"modified":"2026-07-31T12:05:46","modified_gmt":"2026-07-31T15:05:46","slug":"musica-y-cultura-popular-en-b-san-ramon-con-la-xiii-bailanta-goya-taco-y-suela","status":"publish","type":"post","link":"https:\/\/radiokissnoticias.com.ar\/web\/2026\/07\/31\/musica-y-cultura-popular-en-b-san-ramon-con-la-xiii-bailanta-goya-taco-y-suela\/","title":{"rendered":"M\u00fasica y Cultura Popular en B\u00b0 San Ram\u00f3n con la XIII Bailanta &#8220;Goya, Taco y Suela&#8221;"},"content":{"rendered":"<p>Goya se prepara para vivir una nueva jornada de m\u00fasica, danza y tradici\u00f3n con la realizaci\u00f3n de la XIII Bailanta &#8220;Goya, Taco y Suela&#8221;, un evento que ya forma parte del calendario cultural municipal. La propuesta tendr\u00e1 lugar este domingo 2 de agosto, a partir de las 15 horas, en la Plaza Ra\u00fal Alfons\u00edn del barrio San Ram\u00f3n. Este s\u00e1bado de 08 a 10 en Casa de la Cultura se realizar\u00e1 el encuentro ca\u00f1a con ruda y chamam\u00e9.<\/p>\n<p><img loading=\"lazy\" decoding=\"async\" class=\"alignnone size-medium wp-image-11006\" src=\"https:\/\/radiokissnoticias.com.ar\/web\/wp-content\/uploads\/2026\/07\/descarga-2026-07-31T120425.751-240x300.jpeg\" alt=\"\" width=\"240\" height=\"300\" srcset=\"https:\/\/radiokissnoticias.com.ar\/web\/wp-content\/uploads\/2026\/07\/descarga-2026-07-31T120425.751-240x300.jpeg 240w, https:\/\/radiokissnoticias.com.ar\/web\/wp-content\/uploads\/2026\/07\/descarga-2026-07-31T120425.751-819x1024.jpeg 819w, https:\/\/radiokissnoticias.com.ar\/web\/wp-content\/uploads\/2026\/07\/descarga-2026-07-31T120425.751-768x960.jpeg 768w, https:\/\/radiokissnoticias.com.ar\/web\/wp-content\/uploads\/2026\/07\/descarga-2026-07-31T120425.751-336x420.jpeg 336w, https:\/\/radiokissnoticias.com.ar\/web\/wp-content\/uploads\/2026\/07\/descarga-2026-07-31T120425.751-696x870.jpeg 696w, https:\/\/radiokissnoticias.com.ar\/web\/wp-content\/uploads\/2026\/07\/descarga-2026-07-31T120425.751-1068x1335.jpeg 1068w, https:\/\/radiokissnoticias.com.ar\/web\/wp-content\/uploads\/2026\/07\/descarga-2026-07-31T120425.751.jpeg 1080w\" sizes=\"auto, (max-width: 240px) 100vw, 240px\" \/><\/p>\n<p>Organizada por la Secretar\u00eda de Turismo, la iniciativa invita a toda la comunidad a disfrutar de una tarde al aire libre donde el chamam\u00e9 y las expresiones tradicionales ser\u00e1n protagonistas. Sobre el escenario se presentar\u00e1n la Escuela Municipal de Danzas Nativas &#8220;El Trovador&#8221;, el Grupo Chamamecero Municipal, Identidad Chamam\u00e9 y Los Gauchos Litorale\u00f1os, garantizando un repertorio que pondr\u00e1 en valor la identidad cultural de la regi\u00f3n.<\/p>\n<p>Adem\u00e1s de los espect\u00e1culos art\u00edsticos, el encuentro contar\u00e1 con una feria de artesanos y emprendedores locales, generando un espacio de promoci\u00f3n para la producci\u00f3n independiente y el trabajo de la comunidad.<\/p>\n<p>La entrada ser\u00e1 libre y gratuita, y desde la organizaci\u00f3n recomiendan a los asistentes llevar silleta para mayor comodidad, en una jornada pensada para compartir en familia y celebrar las ra\u00edces litorale\u00f1as.<\/p>\n<p><b>CA\u00d1A CON RUDA Y CHAMAM\u00c9: TRADICI\u00d3N QUE PROTEGE E IDENTIDAD QUE UNE<\/b><\/p>\n<p>En el marco de las tradiciones populares que se mantienen vivas en la comunidad, la Secretar\u00eda de Turismo, a trav\u00e9s de la Direcci\u00f3n de Cultura de la Municipalidad de Goya, invita a participar de una jornada especial que conjuga historia, identidad y m\u00fasica. La propuesta se llevar\u00e1 a cabo este s\u00e1bado 1\u00ba de agosto en la Casa de la Cultura, donde vecinos y visitantes podr\u00e1n compartir el ritual de la ca\u00f1a con ruda acompa\u00f1ado por el inconfundible sonido del chamam\u00e9.<\/p>\n<p>La actividad se desarrollar\u00e1 entre las 8 y las 10 de la ma\u00f1ana, franja en la que se convoca a la comunidad a acercarse para beber los tradicionales tres tragos de ca\u00f1a con ruda, pr\u00e1ctica ancestral heredada de la cultura guaran\u00ed y asociada a la protecci\u00f3n espiritual y la renovaci\u00f3n de energ\u00edas en el inicio del mes de agosto.<\/p>\n<p>Bajo el lema &#8220;tradici\u00f3n que protege, identidad que nos une&#8221;, la iniciativa busca revalorizar este ritual que forma parte del acervo cultural del litoral argentino, fortaleciendo el sentido de pertenencia y promoviendo la transmisi\u00f3n de saberes de generaci\u00f3n en generaci\u00f3n.<\/p>\n<p>El encuentro tambi\u00e9n contar\u00e1 con la presencia del chamam\u00e9, expresi\u00f3n musical caracter\u00edstica de la regi\u00f3n, que acompa\u00f1ar\u00e1 la jornada y aportar\u00e1 el marco festivo a esta pr\u00e1ctica cargada de simbolismo.<\/p>\n<p>De esta manera, la Municipalidad invita a vivir una ma\u00f1ana diferente, donde tradici\u00f3n y m\u00fasica se entrelazan para celebrar una identidad que perdura y se fortalece con el paso del tiempo.<\/p>\n<p>Direcci\u00f3n de Prensa \u2013 Municipalidad de Goya.<\/p>\n","protected":false},"excerpt":{"rendered":"<p>Goya se prepara para vivir una nueva jornada de m\u00fasica, danza y tradici\u00f3n con la realizaci\u00f3n de la XIII Bailanta &#8220;Goya, Taco y Suela&#8221;, un evento que ya forma parte del calendario cultural municipal. La propuesta tendr\u00e1 lugar este domingo 2 de agosto, a partir de las 15 horas, en la Plaza Ra\u00fal Alfons\u00edn del [&hellip;]<\/p>\n","protected":false},"author":2,"featured_media":11005,"comment_status":"open","ping_status":"open","sticky":false,"template":"","format":"standard","meta":{"footnotes":""},"categories":[77],"tags":[],"class_list":["post-11004","post","type-post","status-publish","format-standard","has-post-thumbnail","category-local"],"_links":{"self":[{"href":"https:\/\/radiokissnoticias.com.ar\/web\/wp-json\/wp\/v2\/posts\/11004","targetHints":{"allow":["GET"]}}],"collection":[{"href":"https:\/\/radiokissnoticias.com.ar\/web\/wp-json\/wp\/v2\/posts"}],"about":[{"href":"https:\/\/radiokissnoticias.com.ar\/web\/wp-json\/wp\/v2\/types\/post"}],"author":[{"embeddable":true,"href":"https:\/\/radiokissnoticias.com.ar\/web\/wp-json\/wp\/v2\/users\/2"}],"replies":[{"embeddable":true,"href":"https:\/\/radiokissnoticias.com.ar\/web\/wp-json\/wp\/v2\/comments?post=11004"}],"version-history":[{"count":1,"href":"https:\/\/radiokissnoticias.com.ar\/web\/wp-json\/wp\/v2\/posts\/11004\/revisions"}],"predecessor-version":[{"id":11007,"href":"https:\/\/radiokissnoticias.com.ar\/web\/wp-json\/wp\/v2\/posts\/11004\/revisions\/11007"}],"wp:featuredmedia":[{"embeddable":true,"href":"https:\/\/radiokissnoticias.com.ar\/web\/wp-json\/wp\/v2\/media\/11005"}],"wp:attachment":[{"href":"https:\/\/radiokissnoticias.com.ar\/web\/wp-json\/wp\/v2\/media?parent=11004"}],"wp:term":[{"taxonomy":"category","embeddable":true,"href":"https:\/\/radiokissnoticias.com.ar\/web\/wp-json\/wp\/v2\/categories?post=11004"},{"taxonomy":"post_tag","embeddable":true,"href":"https:\/\/radiokissnoticias.com.ar\/web\/wp-json\/wp\/v2\/tags?post=11004"}],"curies":[{"name":"wp","href":"https:\/\/api.w.org\/{rel}","templated":true}]}}