{"id":10955,"date":"2026-07-30T21:24:59","date_gmt":"2026-07-31T00:24:59","guid":{"rendered":"https:\/\/radiokissnoticias.com.ar\/web\/?p=10955"},"modified":"2026-07-30T21:24:59","modified_gmt":"2026-07-31T00:24:59","slug":"pena-chamamecera-solidaria-para-fortalecer-al-hospital-pediatrico-de-goya","status":"publish","type":"post","link":"https:\/\/radiokissnoticias.com.ar\/web\/2026\/07\/30\/pena-chamamecera-solidaria-para-fortalecer-al-hospital-pediatrico-de-goya\/","title":{"rendered":"Pe\u00f1a chamamecera solidaria para fortalecer al Hospital Pedi\u00e1trico de Goya"},"content":{"rendered":"<p>La Asociaci\u00f3n Cooperadora del Hospital Pedi\u00e1trico &#8220;\u00c1ngel de la Guarda&#8221; organiza una gran pe\u00f1a chamamecera el s\u00e1bado 8 de agosto en el Sal\u00f3n Pandora. Lo recaudado ser\u00e1 destinado a la compra de equipamiento, medicamentos y al sostenimiento de distintos servicios del centro de salud que atiende a ni\u00f1os de Goya y toda la microrregi\u00f3n. \u201cLa verdad que la Pe\u00f1a est\u00e1 teniendo una gran repercusi\u00f3n en la ciudad de Goya, much\u00edsima gente llama que quiere colaborar\u201d, dijeron integrantes de la Cooperadora<\/p>\n<div>La Asociaci\u00f3n Cooperadora del Hospital Pedi\u00e1trico &#8220;\u00c1ngel de la Guarda&#8221; de Goya realizar\u00e1 el s\u00e1bado 8 de agosto una pe\u00f1a chamamecera solidaria con el objetivo de recaudar fondos para continuar fortaleciendo la atenci\u00f3n que brinda el centro de salud.<\/div>\n<div><\/div>\n<div>La iniciativa, que se desarrollar\u00e1 desde las 20 en el Sal\u00f3n Pandora, ubicado en Villa Orestina, sobre la ruta a Carolina, reunir\u00e1 a destacados artistas locales y cuenta con una amplia respuesta de la comunidad, tanto de vecinos como de m\u00fasicos y colaboradores que decidieron sumarse a la propuesta.<\/div>\n<div><\/div>\n<div>Durante una entrevista en medios radiales, la presidenta de la Cooperadora, Gloria S\u00e1nchez de Coria y secretaria Lila Silvestri, destacaron el respaldo que viene recibiendo la instituci\u00f3n.<\/div>\n<div><\/div>\n<div>&#8220;Estamos por hacer una pe\u00f1a chamamecera para juntar fondos y seguir ayudando al Hospital Pedi\u00e1trico. La verdad que tiene gran repercusi\u00f3n en la ciudad de Goya&#8221;, expresaron las dos mujeres y se\u00f1alaron que el entusiasmo fue tal que debieron limitar la cantidad de artistas por cuestiones de espacio y adelantar el horario de inicio del espect\u00e1culo.<\/div>\n<div><\/div>\n<div>La secretaria de la Cooperadora, Lila Silvestri, record\u00f3 que la entidad tambi\u00e9n desarrolla una campa\u00f1a permanente de incorporaci\u00f3n de socios, que ya super\u00f3 los 150 adherentes, adem\u00e1s de recibir aportes econ\u00f3micos y donaciones de empresas y particulares.<\/div>\n<div><\/div>\n<div>\n<div>\u201cPusimos una base de 5.000 pesos, por mes, pero la mayor\u00eda (de los socios) aporta m\u00e1s. Ya llegamos a los 150 socios. Yo le digo a las chicas vamos a movernos y llegar a los 200 socios\u201d, confes\u00f3 Gloria S\u00e1nchez.<\/div>\n<div><\/div>\n<div><b>DONACIONES QUE SE TRANSFORMAN EN EQUIPAMIENTO<\/b><\/div>\n<div><\/div>\n<div>Las integrantes de la Cooperadora explicaron que todos los recursos obtenidos se destinan a cubrir prioridades definidas por la Direcci\u00f3n del Hospital.<\/div>\n<div><\/div>\n<div>En los \u00faltimos meses concretaron la compra de medicamentos, colaboraron con equipamiento para distintas \u00e1reas y recibieron importantes aportes de instituciones y empresas privadas. Entre ellos, sobresale la donaci\u00f3n de un contador hematol\u00f3gico realizada por la Fundaci\u00f3n \u201cLa Neike\u201d, (demand\u00f3 una inversi\u00f3n de 10.000 d\u00f3lares la compra de ese equipo), adem\u00e1s de instrumental para el servicio de otorrinolaringolog\u00eda, camillas y otros elementos indispensables para el funcionamiento diario del establecimiento.<\/div>\n<div><\/div>\n<div>Actualmente, la Cooperadora trabaja para adquirir una silla de ruedas pedi\u00e1trica y otra para adolescentes y j\u00f3venes que ya no pueden utilizar los modelos infantiles, adem\u00e1s de reunir fondos para sostener necesidades cotidianas del hospital.<\/div>\n<\/div>\n<div><\/div>\n<div>\n<div><b>APOYO PERMANENTE A PACIENTES Y PROFESIONALES<\/b><\/div>\n<div><\/div>\n<div>Las dirigentes remarcaron que el Hospital Pedi\u00e1trico recibe pacientes de Goya, la zona rural y localidades vecinas, por lo que la demanda supera en muchos casos los recursos disponibles.<\/div>\n<div><\/div>\n<div>Adem\u00e1s de colaborar con medicamentos y equipamiento, la Cooperadora acompa\u00f1a otras necesidades, como la compra de regalos para el D\u00eda del Ni\u00f1o y el apoyo econ\u00f3mico para cubrir, de manera transitoria, honorarios de enfermeras que finalizaron su residencia y permanecen prestando servicios mientras aguardan su nombramiento definitivo.<\/div>\n<div><\/div>\n<div>\u201cHay honorarios que paga la Municipalidad, otros honorarios se pagan con los fondos propios del Hospital. Los que tienen obra social, pagan a trav\u00e9s de la obra social y a nosotros nos pidieron si pod\u00edamos colaborar, si la Cooperadora pod\u00eda pagar honorarios de las enfermeras que terminaron la residencia y quedan a trabajar en el hospital hasta que las nombren. Y Estamos buscando recursos para pagarles sus sueldos mientras tanto\u201d, expresaron las referentes de la Cooperadora del \u201c\u00c1ngel de la Guarda\u201d.<\/div>\n<div><\/div>\n<div>Silvestri tambi\u00e9n explic\u00f3 que algunos proyectos de infraestructura, como la futura sala de kinesiolog\u00eda y la terapia intensiva pedi\u00e1trica, ser\u00e1n ejecutados por el Gobierno provincial, mientras que el \u00e1rea de psicopedagog\u00eda ya pudo ampliarse mediante una reorganizaci\u00f3n interna del hospital.<\/div>\n<div><\/div>\n<div><b>NOCHE DE CHAMAM\u00c9 CON FINES SOLIDARIOS<\/b><\/div>\n<\/div>\n<div><\/div>\n<div>\n<div>Gloria S\u00e1nchez indic\u00f3 que el valor de la entrada de la pe\u00f1a chamamecera ser\u00e1 de $ 5.000 pesos y ofrecer\u00e1 servicio de cantina con comidas t\u00edpicas. Las entradas pueden adquirirse en el Teatro Municipal, en el Maxi Kiosco Seven y a trav\u00e9s de integrantes de la Cooperadora.<\/div>\n<div><\/div>\n<div>En el escenario estar\u00e1n: La Ra\u00edz Chamamecera, Estirpe chamamecera, Los Cunum\u00ed y H\u00e9ctor Pintos, Urdapilleta Trio, Federico Kammerichs y Rafael Fond\u00f3n (ambos har\u00e1n recitados) Roque Garc\u00eda, los m\u00e9dicos m\u00fasicos Peco de O\u00f1a y Jos\u00e9 Laprovitta, el Nilo cantor Santino Herrera y su pap\u00e1, el Grupo Chamamecero Municipal y el Ballet Municipal.<\/div>\n<div><\/div>\n<div>Desde la organizaci\u00f3n resaltaron que cada entrada representa un aporte directo para mejorar la atenci\u00f3n de cientos de ni\u00f1os que diariamente concurren al Hospital Pedi\u00e1trico &#8220;\u00c1ngel de la Guarda&#8221;. Con ese objetivo, invitaron a toda la comunidad a participar de una noche donde la solidaridad y el chamam\u00e9 volver\u00e1n a unirse en beneficio de la salud p\u00fablica de Goya.<\/div>\n<div><\/div>\n<div>\u201cCreemos que nos va a ir muy bien en la Pe\u00f1a chamamacera porque Goya es muy solidaria\u201d, auguraron las directivas de la Cooperadora del \u201c\u00c1ngel de la Guarda\u201d.-<\/div>\n<\/div>\n<div><\/div>\n","protected":false},"excerpt":{"rendered":"<p>La Asociaci\u00f3n Cooperadora del Hospital Pedi\u00e1trico &#8220;\u00c1ngel de la Guarda&#8221; organiza una gran pe\u00f1a chamamecera el s\u00e1bado 8 de agosto en el Sal\u00f3n Pandora. Lo recaudado ser\u00e1 destinado a la compra de equipamiento, medicamentos y al sostenimiento de distintos servicios del centro de salud que atiende a ni\u00f1os de Goya y toda la microrregi\u00f3n. \u201cLa [&hellip;]<\/p>\n","protected":false},"author":2,"featured_media":10956,"comment_status":"open","ping_status":"open","sticky":false,"template":"","format":"standard","meta":{"footnotes":""},"categories":[77],"tags":[],"class_list":["post-10955","post","type-post","status-publish","format-standard","has-post-thumbnail","category-local"],"_links":{"self":[{"href":"https:\/\/radiokissnoticias.com.ar\/web\/wp-json\/wp\/v2\/posts\/10955","targetHints":{"allow":["GET"]}}],"collection":[{"href":"https:\/\/radiokissnoticias.com.ar\/web\/wp-json\/wp\/v2\/posts"}],"about":[{"href":"https:\/\/radiokissnoticias.com.ar\/web\/wp-json\/wp\/v2\/types\/post"}],"author":[{"embeddable":true,"href":"https:\/\/radiokissnoticias.com.ar\/web\/wp-json\/wp\/v2\/users\/2"}],"replies":[{"embeddable":true,"href":"https:\/\/radiokissnoticias.com.ar\/web\/wp-json\/wp\/v2\/comments?post=10955"}],"version-history":[{"count":1,"href":"https:\/\/radiokissnoticias.com.ar\/web\/wp-json\/wp\/v2\/posts\/10955\/revisions"}],"predecessor-version":[{"id":10957,"href":"https:\/\/radiokissnoticias.com.ar\/web\/wp-json\/wp\/v2\/posts\/10955\/revisions\/10957"}],"wp:featuredmedia":[{"embeddable":true,"href":"https:\/\/radiokissnoticias.com.ar\/web\/wp-json\/wp\/v2\/media\/10956"}],"wp:attachment":[{"href":"https:\/\/radiokissnoticias.com.ar\/web\/wp-json\/wp\/v2\/media?parent=10955"}],"wp:term":[{"taxonomy":"category","embeddable":true,"href":"https:\/\/radiokissnoticias.com.ar\/web\/wp-json\/wp\/v2\/categories?post=10955"},{"taxonomy":"post_tag","embeddable":true,"href":"https:\/\/radiokissnoticias.com.ar\/web\/wp-json\/wp\/v2\/tags?post=10955"}],"curies":[{"name":"wp","href":"https:\/\/api.w.org\/{rel}","templated":true}]}}