{"id":10951,"date":"2026-07-30T21:16:05","date_gmt":"2026-07-31T00:16:05","guid":{"rendered":"https:\/\/radiokissnoticias.com.ar\/web\/?p=10951"},"modified":"2026-07-30T21:17:30","modified_gmt":"2026-07-31T00:17:30","slug":"ruiz-aragon-axel-es-un-candidato-que-convoca-a-muchos-sectores","status":"publish","type":"post","link":"https:\/\/radiokissnoticias.com.ar\/web\/2026\/07\/30\/ruiz-aragon-axel-es-un-candidato-que-convoca-a-muchos-sectores\/","title":{"rendered":"Ruiz Arag\u00f3n: &#8220;Axel es un candidato que convoca a muchos sectores&#8221;"},"content":{"rendered":"<p>El senador provincial y dirigente del Partido Justicialista, Jos\u00e9 Arnaldo Ruiz Arag\u00f3n, afirm\u00f3 que el peronismo debe avanzar hacia una nueva etapa con el gobernador bonaerense Axel Kicillof como candidato presidencial y sostuvo que una competencia interna contribuir\u00eda a ordenar al espacio pol\u00edtico.<\/p>\n<p>En ese marco, tambi\u00e9n expres\u00f3 su respaldo a la estrategia judicial impulsada por la expresidenta Cristina Fern\u00e1ndez de Kirchner para recurrir a instancias internacionales y reiter\u00f3 su postura respecto de la situaci\u00f3n judicial de la exmandataria.<\/p>\n<p>&#8220;Nosotros tenemos duda de la justicia argentina hace mucho tiempo y a m\u00ed me parece bien que haga esto por todos los medios&#8221;, se\u00f1al\u00f3 durante la entrevista, al tiempo que agreg\u00f3 que &#8220;yo siempre estoy a favor de la libertad de Cristina, me parece que es detenida injustamente y que, por supuesto, es inocente de todo lo que se le acus\u00f3&#8221;.<\/p>\n<p>Ruiz Arag\u00f3n sostuvo que, si Cristina Fern\u00e1ndez de Kirchner pudiera competir electoralmente, su participaci\u00f3n fortalecer\u00eda al peronismo por su trayectoria pol\u00edtica y capacidad de convocatoria.<\/p>\n<p>&#8220;Cristina suma con su experiencia, con su fuerza, con la cantidad de votos que puede tener&#8221;, afirm\u00f3. Sin embargo, aclar\u00f3 que el sector que integra impulsa una propuesta diferente para la etapa pol\u00edtica que viene y remarc\u00f3 que &#8220;nosotros vamos a ir por una nueva etapa del peronismo con Axel, presidente de la Argentina&#8221;.<\/p>\n<p>Asimismo, destac\u00f3 la trayectoria del mandatario bonaerense al se\u00f1alar que &#8220;es un gobernador que ha sido leal con Cristina siempre, que ha defendido las causas de Cristina, que ha defendido el gobierno de Cristina&#8221;.<\/p>\n<p>El legislador tambi\u00e9n se refiri\u00f3 a la posibilidad de que distintos referentes del justicialismo compitan en una elecci\u00f3n interna para definir la candidatura presidencial.<\/p>\n<p>En ese sentido, sostuvo que el mecanismo previsto por la legislaci\u00f3n electoral constituye la herramienta adecuada para resolver las diferencias pol\u00edticas dentro del espacio. &#8220;Ojal\u00e1 que haya paso, ojal\u00e1 que haya una interna justicialista&#8221;, manifest\u00f3, al considerar que ese proceso permitir\u00eda la participaci\u00f3n de todos los sectores que aspiren a representar al peronismo en los pr\u00f3ximos comicios nacionales.<\/p>\n<p><b>LA INTERNA COMO MECANISMO DE ORDENAMIENTO<\/b><\/p>\n<p>Al analizar el impacto que podr\u00eda tener una competencia interna sobre la unidad partidaria, Ruiz Arag\u00f3n rechaz\u00f3 las comparaciones con otros procesos pol\u00edticos recientes y afirm\u00f3 que el contexto actual del peronismo presenta caracter\u00edsticas distintas.<\/p>\n<p>Explic\u00f3 que su sector sostiene una estrategia basada en la participaci\u00f3n electoral y remarc\u00f3 que la discusi\u00f3n entre los distintos espacios debe resolverse mediante el voto de los afiliados. &#8220;Nosotros creemos que le hace muy bien la discusi\u00f3n interna a trav\u00e9s de los votos al peronismo y creemos que eso puede ordenar el peronismo&#8221;, expres\u00f3.<\/p>\n<p>El senador indic\u00f3 que actualmente no existe un \u00e1mbito de di\u00e1logo y construcci\u00f3n com\u00fan dentro del justicialismo, situaci\u00f3n que, seg\u00fan afirm\u00f3, se replica tanto en el plano nacional como en el provincial.<\/p>\n<p>En ese contexto, explic\u00f3 que el sector que representa impulsa la candidatura de Axel Kicillof porque considera que posee una capacidad de convocatoria que trasciende al electorado tradicional del peronismo. &#8220;Axel es un candidato que convoca a muchos sectores&#8221;, sostuvo, y a\u00f1adi\u00f3 que esa capacidad incluye a dirigentes y ciudadanos que no se identifican con el justicialismo, pero que consideran necesario construir una alternativa pol\u00edtica frente al gobierno nacional.<\/p>\n<p>Ruiz Arag\u00f3n tambi\u00e9n describi\u00f3 el proceso de organizaci\u00f3n pol\u00edtica que desarrolla junto a los dirigentes que respaldan la postulaci\u00f3n del gobernador bonaerense. Se\u00f1al\u00f3 que el objetivo es prepararse para competir en igualdad de condiciones frente a cualquier candidatura que pueda surgir dentro del peronismo.<\/p>\n<p>&#8220;Nosotros estamos construyendo para que Axel sea nuestro candidato y estamos construyendo para estar preparados para ir a una paso con Massa, con M\u00e1ximo, con la misma Cristina si ella se quisiera presentar o una interna justicialista&#8221;, afirm\u00f3. Adem\u00e1s, asegur\u00f3 que su espacio no presenta objeciones a una competencia electoral y consider\u00f3 que quienes deben definir si aceptan ese escenario son los restantes sectores internos.<\/p>\n<p><b>ORGANIZACI\u00d3N POL\u00cdTICA Y AGENDA DE TRABAJO<\/b><\/p>\n<p>En relaci\u00f3n con la estructura pol\u00edtica que respalda esa estrategia, Ruiz Arag\u00f3n se\u00f1al\u00f3 que su sector cuenta con el acompa\u00f1amiento de intendentes, legisladores nacionales, legisladores provinciales y concejales del Partido Justicialista.<\/p>\n<p>&#8220;Hoy nos sentimos preparados para afrontar la interna&#8221;, afirm\u00f3, al tiempo que insisti\u00f3 en que el debate interno debe resolverse mediante los instrumentos previstos por la legislaci\u00f3n electoral y no a trav\u00e9s de acuerdos excluyentes.<\/p>\n<p>El senador tambi\u00e9n inform\u00f3 que su espacio contin\u00faa organizando actividades vinculadas con la elaboraci\u00f3n de una plataforma pol\u00edtica y confirm\u00f3 que se encuentra prevista la realizaci\u00f3n de un encuentro de producci\u00f3n con funcionarios del gobierno bonaerense, aunque aclar\u00f3 que la fecha podr\u00eda modificarse por cuestiones vinculadas a la agenda legislativa nacional.<\/p>\n<p>Explic\u00f3 que la intenci\u00f3n es desarrollar un \u00e1mbito de trabajo sobre la producci\u00f3n agropecuaria y la realidad del campo argentino y correntino, con la participaci\u00f3n del ministro de Producci\u00f3n de la provincia de Buenos Aires.<\/p>\n<p>Finalmente, Ruiz Arag\u00f3n se\u00f1al\u00f3 que la construcci\u00f3n pol\u00edtica que impulsa no se limita al plano productivo y abarca distintos espacios tem\u00e1ticos destinados a elaborar propuestas para una futura gesti\u00f3n nacional.<\/p>\n<p>&#8220;Nosotros estamos armando todos los \u00e1mbitos, incluye los \u00e1mbitos de las mujeres, de la salud y todos los \u00e1mbitos donde se pueda discutir una plataforma pol\u00edtica de la Argentina que se viene con Axel. Presidente&#8221;, expres\u00f3, ratificando que el objetivo de su sector es consolidar la candidatura del gobernador bonaerense de cara al pr\u00f3ximo proceso electoral.<\/p>\n","protected":false},"excerpt":{"rendered":"<p>El senador provincial y dirigente del Partido Justicialista, Jos\u00e9 Arnaldo Ruiz Arag\u00f3n, afirm\u00f3 que el peronismo debe avanzar hacia una nueva etapa con el gobernador bonaerense Axel Kicillof como candidato presidencial y sostuvo que una competencia interna contribuir\u00eda a ordenar al espacio pol\u00edtico. En ese marco, tambi\u00e9n expres\u00f3 su respaldo a la estrategia judicial impulsada [&hellip;]<\/p>\n","protected":false},"author":2,"featured_media":10954,"comment_status":"open","ping_status":"open","sticky":false,"template":"","format":"standard","meta":{"footnotes":""},"categories":[81],"tags":[],"class_list":["post-10951","post","type-post","status-publish","format-standard","has-post-thumbnail","category-politica"],"_links":{"self":[{"href":"https:\/\/radiokissnoticias.com.ar\/web\/wp-json\/wp\/v2\/posts\/10951","targetHints":{"allow":["GET"]}}],"collection":[{"href":"https:\/\/radiokissnoticias.com.ar\/web\/wp-json\/wp\/v2\/posts"}],"about":[{"href":"https:\/\/radiokissnoticias.com.ar\/web\/wp-json\/wp\/v2\/types\/post"}],"author":[{"embeddable":true,"href":"https:\/\/radiokissnoticias.com.ar\/web\/wp-json\/wp\/v2\/users\/2"}],"replies":[{"embeddable":true,"href":"https:\/\/radiokissnoticias.com.ar\/web\/wp-json\/wp\/v2\/comments?post=10951"}],"version-history":[{"count":1,"href":"https:\/\/radiokissnoticias.com.ar\/web\/wp-json\/wp\/v2\/posts\/10951\/revisions"}],"predecessor-version":[{"id":10953,"href":"https:\/\/radiokissnoticias.com.ar\/web\/wp-json\/wp\/v2\/posts\/10951\/revisions\/10953"}],"wp:featuredmedia":[{"embeddable":true,"href":"https:\/\/radiokissnoticias.com.ar\/web\/wp-json\/wp\/v2\/media\/10954"}],"wp:attachment":[{"href":"https:\/\/radiokissnoticias.com.ar\/web\/wp-json\/wp\/v2\/media?parent=10951"}],"wp:term":[{"taxonomy":"category","embeddable":true,"href":"https:\/\/radiokissnoticias.com.ar\/web\/wp-json\/wp\/v2\/categories?post=10951"},{"taxonomy":"post_tag","embeddable":true,"href":"https:\/\/radiokissnoticias.com.ar\/web\/wp-json\/wp\/v2\/tags?post=10951"}],"curies":[{"name":"wp","href":"https:\/\/api.w.org\/{rel}","templated":true}]}}