{"id":10942,"date":"2026-07-30T21:05:15","date_gmt":"2026-07-31T00:05:15","guid":{"rendered":"https:\/\/radiokissnoticias.com.ar\/web\/?p=10942"},"modified":"2026-07-30T21:05:15","modified_gmt":"2026-07-31T00:05:15","slug":"cupos-disponibles-este-viernes-31-mas-de-30-emprendedores-inician-programa-escalar-en-goya","status":"publish","type":"post","link":"https:\/\/radiokissnoticias.com.ar\/web\/2026\/07\/30\/cupos-disponibles-este-viernes-31-mas-de-30-emprendedores-inician-programa-escalar-en-goya\/","title":{"rendered":"Cupos disponibles: este viernes 31, m\u00e1s de 30 emprendedores inician programa escalar en Goya"},"content":{"rendered":"<p>Esta iniciativa impulsada por la Municipalidad de Goya, el Club de Emprendedores y la Universidad Cuenca del Plata, brindar\u00e1 herramientas, capacitaci\u00f3n y acompa\u00f1amiento a emprendedores con proyectos en marcha.<\/p>\n<p><img loading=\"lazy\" decoding=\"async\" class=\"alignnone size-medium wp-image-10943\" src=\"https:\/\/radiokissnoticias.com.ar\/web\/wp-content\/uploads\/2026\/07\/descarga-2026-07-30T210325.829-240x300.jpeg\" alt=\"\" width=\"240\" height=\"300\" srcset=\"https:\/\/radiokissnoticias.com.ar\/web\/wp-content\/uploads\/2026\/07\/descarga-2026-07-30T210325.829-240x300.jpeg 240w, https:\/\/radiokissnoticias.com.ar\/web\/wp-content\/uploads\/2026\/07\/descarga-2026-07-30T210325.829-819x1024.jpeg 819w, https:\/\/radiokissnoticias.com.ar\/web\/wp-content\/uploads\/2026\/07\/descarga-2026-07-30T210325.829-768x960.jpeg 768w, https:\/\/radiokissnoticias.com.ar\/web\/wp-content\/uploads\/2026\/07\/descarga-2026-07-30T210325.829-336x420.jpeg 336w, https:\/\/radiokissnoticias.com.ar\/web\/wp-content\/uploads\/2026\/07\/descarga-2026-07-30T210325.829-696x870.jpeg 696w, https:\/\/radiokissnoticias.com.ar\/web\/wp-content\/uploads\/2026\/07\/descarga-2026-07-30T210325.829-1068x1335.jpeg 1068w, https:\/\/radiokissnoticias.com.ar\/web\/wp-content\/uploads\/2026\/07\/descarga-2026-07-30T210325.829.jpeg 1080w\" sizes=\"auto, (max-width: 240px) 100vw, 240px\" \/><\/p>\n<p>&nbsp;<\/p>\n<p><img loading=\"lazy\" decoding=\"async\" class=\"alignnone size-medium wp-image-10944\" src=\"https:\/\/radiokissnoticias.com.ar\/web\/wp-content\/uploads\/2026\/07\/descarga-2026-07-30T210422.606-300x198.jpeg\" alt=\"\" width=\"300\" height=\"198\" srcset=\"https:\/\/radiokissnoticias.com.ar\/web\/wp-content\/uploads\/2026\/07\/descarga-2026-07-30T210422.606-300x198.jpeg 300w, https:\/\/radiokissnoticias.com.ar\/web\/wp-content\/uploads\/2026\/07\/descarga-2026-07-30T210422.606-1024x674.jpeg 1024w, https:\/\/radiokissnoticias.com.ar\/web\/wp-content\/uploads\/2026\/07\/descarga-2026-07-30T210422.606-768x506.jpeg 768w, https:\/\/radiokissnoticias.com.ar\/web\/wp-content\/uploads\/2026\/07\/descarga-2026-07-30T210422.606-638x420.jpeg 638w, https:\/\/radiokissnoticias.com.ar\/web\/wp-content\/uploads\/2026\/07\/descarga-2026-07-30T210422.606-696x458.jpeg 696w, https:\/\/radiokissnoticias.com.ar\/web\/wp-content\/uploads\/2026\/07\/descarga-2026-07-30T210422.606-1068x703.jpeg 1068w, https:\/\/radiokissnoticias.com.ar\/web\/wp-content\/uploads\/2026\/07\/descarga-2026-07-30T210422.606-741x486.jpeg 741w, https:\/\/radiokissnoticias.com.ar\/web\/wp-content\/uploads\/2026\/07\/descarga-2026-07-30T210422.606.jpeg 1080w\" sizes=\"auto, (max-width: 300px) 100vw, 300px\" \/><\/p>\n<p>El titular del Club de Emprendedores, Luciano Rol\u00f3n, adelant\u00f3 expectativas en declaraciones a 88.3 Radio Ciudad.<\/p>\n<p>&#8220;Escalar es un programa totalmente orientado a la acci\u00f3n emprendedora. Tratar de que el emprendedor vaya tomando las acciones necesarias para un objetivo central que es duplicar las ventas, entonces el programa le va a dar todas las herramientas para que el emprendedor pueda llegar a ese objetivo&#8221; expuso Rol\u00f3n este jueves.<\/p>\n<p>Seg\u00fan explic\u00f3, la propuesta apunta a que los participantes no solo se capaciten, sino que todo el conocimiento adquirido se traduzca en resultados concretos para sus emprendimientos, con la meta establecida de duplicar las ventas.<\/p>\n<p><b>TRES MERCADOS<\/b><\/p>\n<p>&#8220;El programa se estructura en tres mercados que son los puntos donde el emprendedor no solo puede vender, sino que puede evaluar qu\u00e9 est\u00e1 funcionado y qu\u00e9 no est\u00e1 funcionando. Las fases son bastantes intensivas, dos veces por semana: martes y jueves de 14 a 16 horas y la idea es darle al emprendedor una visi\u00f3n completa de su negocio como: parte estrat\u00e9gica, de marketing, venta, costos, mentalidad y acci\u00f3n&#8221;.<\/p>\n<p>Cada participante formar\u00e1 parte de grupos de trabajo reducidos, acompa\u00f1ados por expertos en cada tem\u00e1tica, mentores y referentes del sector.<\/p>\n<p>El taller es orientado a la acci\u00f3n, 100% pr\u00e1ctico -enfatiz\u00f3- y aplicado a cada negocio.<\/p>\n<p>Lo que el programa ofrece al emprendedor es especialista en cada una de estas \u00e1reas, un grupo de pares con los que van trabajando; mentores representados por empresarios exitosos que iniciaron sus negocios desde abajo ya pasaron por todos los procesos y siguen creciendo.<\/p>\n<p>&#8220;Entonces les damos todos los recursos para poder mejorar sus emprendimientos y despu\u00e9s les damos para que vendan sus productos en un mercado virtual, que ser\u00eda parte de la pr\u00e1ctica en un contexto de aprendizaje&#8221;.<\/p>\n<p><b>CAPACITADORES<\/b><\/p>\n<p>Cada espacio de formaci\u00f3n ser\u00e1 dictado por especialistas en cada tem\u00e1tica: Marketing Mari\u00e1ngeles Garc\u00eda; N\u00fameros Andrea Cardoso; Estrategia Diego Albasini; Ventas Cristian G\u00f3mez; Mentalidad y Acci\u00f3n Eva Rodr\u00edguez Nappi y el cierre Oportunidades a cargo del Lic. Luciano Rolon.<\/p>\n<p>&#8220;Est\u00e1 comprobado que el entorno determina mucho cu\u00e1l va a ser la carrera de cualquier tipo de persona, entonces la posibilidad de sumarse a este tipo de accesos con contactos, recursos, informaci\u00f3n, buenas personas es muy importante y este es el caso de Escalar, un lugar donde uno puede ir a buscar y nutrirse de solo de conocimiento sino de este entorno&#8221; enfatiz\u00f3.<\/p>\n<p>INSCRIPCI\u00d3N<\/p>\n<p>Las actividades comenzar\u00e1n este viernes 31 de julio a las 18 horas con una presentaci\u00f3n inicial de tres horas. Posteriormente, se desarrollar\u00e1n encuentros los martes y jueves por la tarde. Todav\u00eda hay vacantes para inscripci\u00f3n. Si bien ya est\u00e1 completo el cupo de 30 emprendedores la intenci\u00f3n de la organizaci\u00f3n es llegar a 40 emprendedores.<\/p>\n<p>Est\u00e1 el link en la p\u00e1gina del Club de Emprendedores para inscribirse a trav\u00e9s de un formulario &#8220;es sencillo as\u00ed que los invitamos a inscribirse&#8221; cerr\u00f3 el licenciado Rol\u00f3n.<\/p>\n<p>Direcci\u00f3n de Prensa \u2013 Municipalidad de Goya.<\/p>\n","protected":false},"excerpt":{"rendered":"<p>Esta iniciativa impulsada por la Municipalidad de Goya, el Club de Emprendedores y la Universidad Cuenca del Plata, brindar\u00e1 herramientas, capacitaci\u00f3n y acompa\u00f1amiento a emprendedores con proyectos en marcha. &nbsp; El titular del Club de Emprendedores, Luciano Rol\u00f3n, adelant\u00f3 expectativas en declaraciones a 88.3 Radio Ciudad. &#8220;Escalar es un programa totalmente orientado a la acci\u00f3n [&hellip;]<\/p>\n","protected":false},"author":2,"featured_media":10945,"comment_status":"open","ping_status":"open","sticky":false,"template":"","format":"standard","meta":{"footnotes":""},"categories":[77],"tags":[],"class_list":["post-10942","post","type-post","status-publish","format-standard","has-post-thumbnail","category-local"],"_links":{"self":[{"href":"https:\/\/radiokissnoticias.com.ar\/web\/wp-json\/wp\/v2\/posts\/10942","targetHints":{"allow":["GET"]}}],"collection":[{"href":"https:\/\/radiokissnoticias.com.ar\/web\/wp-json\/wp\/v2\/posts"}],"about":[{"href":"https:\/\/radiokissnoticias.com.ar\/web\/wp-json\/wp\/v2\/types\/post"}],"author":[{"embeddable":true,"href":"https:\/\/radiokissnoticias.com.ar\/web\/wp-json\/wp\/v2\/users\/2"}],"replies":[{"embeddable":true,"href":"https:\/\/radiokissnoticias.com.ar\/web\/wp-json\/wp\/v2\/comments?post=10942"}],"version-history":[{"count":1,"href":"https:\/\/radiokissnoticias.com.ar\/web\/wp-json\/wp\/v2\/posts\/10942\/revisions"}],"predecessor-version":[{"id":10946,"href":"https:\/\/radiokissnoticias.com.ar\/web\/wp-json\/wp\/v2\/posts\/10942\/revisions\/10946"}],"wp:featuredmedia":[{"embeddable":true,"href":"https:\/\/radiokissnoticias.com.ar\/web\/wp-json\/wp\/v2\/media\/10945"}],"wp:attachment":[{"href":"https:\/\/radiokissnoticias.com.ar\/web\/wp-json\/wp\/v2\/media?parent=10942"}],"wp:term":[{"taxonomy":"category","embeddable":true,"href":"https:\/\/radiokissnoticias.com.ar\/web\/wp-json\/wp\/v2\/categories?post=10942"},{"taxonomy":"post_tag","embeddable":true,"href":"https:\/\/radiokissnoticias.com.ar\/web\/wp-json\/wp\/v2\/tags?post=10942"}],"curies":[{"name":"wp","href":"https:\/\/api.w.org\/{rel}","templated":true}]}}