{"id":10938,"date":"2026-07-30T13:30:41","date_gmt":"2026-07-30T16:30:41","guid":{"rendered":"https:\/\/radiokissnoticias.com.ar\/web\/?p=10938"},"modified":"2026-07-30T13:32:31","modified_gmt":"2026-07-30T16:32:31","slug":"javier-milei-prepara-la-cadena-nacional-los-detalles-del-mensaje-sobre-la-reforma-del-banco-central","status":"publish","type":"post","link":"https:\/\/radiokissnoticias.com.ar\/web\/2026\/07\/30\/javier-milei-prepara-la-cadena-nacional-los-detalles-del-mensaje-sobre-la-reforma-del-banco-central\/","title":{"rendered":"Javier Milei prepara la cadena nacional: los detalles del mensaje sobre la reforma del Banco Central"},"content":{"rendered":"<p>El Presidente grabar\u00e1 este jueves desde el Sal\u00f3n Blanco, acompa\u00f1ado por el equipo econ\u00f3mico, que lugo ser\u00e1 difundido por Cadena Nacional a las 20.<\/p>\n<p>El presidente Javier Milei prepara el mensaje con el que presentar\u00e1 el proyecto de modificaci\u00f3n de la Carta Org\u00e1nica del Banco Central de la Rep\u00fablica Argentina (BCRA), que ser\u00e1 emitido esta noche, desde las 20, por cadena nacional.<\/p>\n<p>Si bien los detalles fueron celosamente resguardados por los coloraboradores, seg\u00fan supo la Agencia Noticias Argentinas, el mandatario grabar\u00e1 en el Sal\u00f3n Blanco de Casa Rosada, acompa\u00f1ado -en principio- por el equipo econ\u00f3mico que particip\u00f3 en la redacci\u00f3n del proyecto.<\/p>\n<p>Involucrado en la preparaci\u00f3n de la pieza audiovisual est\u00e1 el cineasta presidencial, Santiago Oria, que se encargar\u00e1 de seguir el video que transmitir\u00e1n ante los 47 millones de argentinos para puntualizar los detalles del uno de las leyes prioritarias para la administraci\u00f3n libertaria.<\/p>\n<p>A la espera de la reactivaci\u00f3n de la actividad legislativa, el Poder Ejecutivo se prepara para girar la norma a la C\u00e1mara de Diputados y empezar a negociar la letra que involucr\u00f3 a los ministros Luis Caputo (Econom\u00eda) y Federico Sturzenegger (Desregulaci\u00f3n y Transformaci\u00f3n del Estado) y al titular del organismo, Santiago Bausili.<\/p>\n<p>Como supo plantear el libertario, el nuevo proyecto aspirar\u00e1 a que el Banco Central de la Rep\u00fablica Argentina (BCRA) se limite a &#8220;un servicio de liquidez a la econom\u00eda&#8221;, y a dotar de mayor independencia al organismo.<\/p>\n<p>Adem\u00e1s, incluye la posibilidad de prohibir la emisi\u00f3n monetaria para financiar el d\u00e9ficit fiscal y endurecer las condiciones para modificar la integraci\u00f3n del directorio y eliminar las utilidades contables o &#8220;ficticias&#8221;, con la \u00fanica excepci\u00f3n de escenarios vinculados a procesos de deflaci\u00f3n.<\/p>\n<p>En la eliminaci\u00f3n de los cinco objetivos, que ser\u00e1n sintetizados en un \u00fanico prop\u00f3sito, la Casa Rosada buscar\u00e1 adem\u00e1s poner fin al esquema de letras intransferibles utilizado para asistir financieramente al Estado e impulsar un r\u00e9gimen de sanciones penales para los funcionarios que vulneren la autonom\u00eda del Banco Central o habiliten la emisi\u00f3n monetaria.<\/p>\n","protected":false},"excerpt":{"rendered":"<p>El Presidente grabar\u00e1 este jueves desde el Sal\u00f3n Blanco, acompa\u00f1ado por el equipo econ\u00f3mico, que lugo ser\u00e1 difundido por Cadena Nacional a las 20. El presidente Javier Milei prepara el mensaje con el que presentar\u00e1 el proyecto de modificaci\u00f3n de la Carta Org\u00e1nica del Banco Central de la Rep\u00fablica Argentina (BCRA), que ser\u00e1 emitido esta [&hellip;]<\/p>\n","protected":false},"author":2,"featured_media":10941,"comment_status":"open","ping_status":"open","sticky":false,"template":"","format":"standard","meta":{"footnotes":""},"categories":[78],"tags":[],"class_list":["post-10938","post","type-post","status-publish","format-standard","has-post-thumbnail","category-nacional"],"_links":{"self":[{"href":"https:\/\/radiokissnoticias.com.ar\/web\/wp-json\/wp\/v2\/posts\/10938","targetHints":{"allow":["GET"]}}],"collection":[{"href":"https:\/\/radiokissnoticias.com.ar\/web\/wp-json\/wp\/v2\/posts"}],"about":[{"href":"https:\/\/radiokissnoticias.com.ar\/web\/wp-json\/wp\/v2\/types\/post"}],"author":[{"embeddable":true,"href":"https:\/\/radiokissnoticias.com.ar\/web\/wp-json\/wp\/v2\/users\/2"}],"replies":[{"embeddable":true,"href":"https:\/\/radiokissnoticias.com.ar\/web\/wp-json\/wp\/v2\/comments?post=10938"}],"version-history":[{"count":1,"href":"https:\/\/radiokissnoticias.com.ar\/web\/wp-json\/wp\/v2\/posts\/10938\/revisions"}],"predecessor-version":[{"id":10940,"href":"https:\/\/radiokissnoticias.com.ar\/web\/wp-json\/wp\/v2\/posts\/10938\/revisions\/10940"}],"wp:featuredmedia":[{"embeddable":true,"href":"https:\/\/radiokissnoticias.com.ar\/web\/wp-json\/wp\/v2\/media\/10941"}],"wp:attachment":[{"href":"https:\/\/radiokissnoticias.com.ar\/web\/wp-json\/wp\/v2\/media?parent=10938"}],"wp:term":[{"taxonomy":"category","embeddable":true,"href":"https:\/\/radiokissnoticias.com.ar\/web\/wp-json\/wp\/v2\/categories?post=10938"},{"taxonomy":"post_tag","embeddable":true,"href":"https:\/\/radiokissnoticias.com.ar\/web\/wp-json\/wp\/v2\/tags?post=10938"}],"curies":[{"name":"wp","href":"https:\/\/api.w.org\/{rel}","templated":true}]}}