{"id":10890,"date":"2026-07-30T10:28:55","date_gmt":"2026-07-30T13:28:55","guid":{"rendered":"https:\/\/radiokissnoticias.com.ar\/web\/?p=10890"},"modified":"2026-07-30T10:28:55","modified_gmt":"2026-07-30T13:28:55","slug":"milei-habilito-expulsar-a-los-extranjeros-que-agravien-al-pais","status":"publish","type":"post","link":"https:\/\/radiokissnoticias.com.ar\/web\/2026\/07\/30\/milei-habilito-expulsar-a-los-extranjeros-que-agravien-al-pais\/","title":{"rendered":"Milei habilit\u00f3 expulsar a los extranjeros que agravien al pa\u00eds"},"content":{"rendered":"<p>La Oficina del Presidente sostuvo que la decisi\u00f3n busca preservar la integridad social y el orden institucional, y que responde a episodios recientes de tensi\u00f3n por declaraciones que fueron interpretadas como ofensas a la Rep\u00fablica y sus habitantes<\/p>\n<div id=\"modalFulltext\">Tras la participaci\u00f3n de la Selecci\u00f3n Argentina en el Mundial, se gener\u00f3 una \u201ccampa\u00f1a antiargentina\u201d que trascendi\u00f3 el \u00e1mbito futbol\u00edstico y tuvo su impacto en la pol\u00edtica internacional. En ese contexto, el Presidente Javier Milei firm\u00f3 un Decreto de Necesidad y Urgencia que establece como nueva causal de prohibici\u00f3n de ingreso y de expulsi\u00f3n del territorio nacional a cualquier extranjero que promueva o incite mensajes de odio, discriminaci\u00f3n o violencia contra el pueblo argentino o sus ciudadanos por motivos de nacionalidad, as\u00ed como a quienes ultrajen los s\u00edmbolos patrios, seg\u00fan inform\u00f3 la Oficina del Presidente.<\/p>\n<p>La normativa responde a recientes manifestaciones consideradas hostiles hacia la Rep\u00fablica Argentina y sus habitantes. El decreto enfatiza que la defensa de la Naci\u00f3n, sus ciudadanos y sus s\u00edmbolos constituye un principio innegociable para el Gobierno Nacional. \u201cQuien ataque a la Rep\u00fablica Argentina no es bienvenido en nuestro pa\u00eds\u201d, expres\u00f3 Milei en el comunicado oficial.<\/p>\n<p>El Decreto 681\/2026 fue publicado en el Bolet\u00edn Oficial de la Rep\u00fablica Argentina e incorpora formalmente como causa de inadmisi\u00f3n y expulsi\u00f3n del pa\u00eds a los extranjeros que dirijan o inciten expresiones de odio, discriminaci\u00f3n y violencia por razones de nacionalidad, y a quienes realicen actos de ultraje contra los s\u00edmbolos nacionales. La disposici\u00f3n abarca tanto la incitaci\u00f3n p\u00fablica como cualquier manifestaci\u00f3n directa que implique un agravio a la identidad nacional.<\/p>\n<p>En los considerandos, el Poder Ejecutivo sostuvo que la Argentina mantuvo hist\u00f3ricamente una pol\u00edtica de apertura y hospitalidad hacia los extranjeros, pero remarc\u00f3 que la soberan\u00eda estatal permite fijar condiciones de admisi\u00f3n, permanencia y expulsi\u00f3n para resguardar el orden p\u00fablico, la seguridad interior y la cohesi\u00f3n social.<\/p>\n<p>La decisi\u00f3n fue justificada por el Ejecutivo en funci\u00f3n de preservar la integridad social y el respeto hacia la Argentina y sus emblemas. Seg\u00fan la comunicaci\u00f3n de la Oficina del Presidente, el endurecimiento en las pol\u00edticas migratorias busca evitar situaciones que puedan poner en riesgo la convivencia y el orden institucional.<\/p>\n<p>La norma se dict\u00f3 como decreto de necesidad y urgencia y, seg\u00fan el texto oficial, deber\u00e1 ser remitida a la Comisi\u00f3n Bicameral Permanente del Congreso, que tiene un plazo de 10 d\u00edas h\u00e1biles para expedirse sobre su validez o invalidez y elevar dictamen a cada C\u00e1mara.<\/p>\n<p>Contexto de la decisi\u00f3n y alcance<\/p>\n<p>La medida surge en un contexto de tensi\u00f3n por recientes expresiones p\u00fablicas consideradas agravios hacia la Argentina y sus ciudadanos. El Gobierno Nacional sostuvo que la soberan\u00eda y el respeto a los s\u00edmbolos patrios son elementos esenciales que no admiten negociaci\u00f3n.<\/p>\n<p>En el art\u00edculo 1 del decreto se establece que la disposici\u00f3n alcanza a extranjeros que hayan \u201cdirigido mensajes de odio en forma oral o escrita, o incitado a la violencia contra el pueblo argentino en su conjunto, o contra alg\u00fan ciudadano argentino, motivado en la nacionalidad de este \u00faltimo\u201d, o bien, hayan \u201crealizado o participado en actos de ultraje de s\u00edmbolos patrios nacionales; o haber incitado a cometer cualquiera de los actos previstos por el presente inciso\u201d.<\/p>\n<p>El decreto responde de manera directa a su objetivo central: desde su entrada en vigor, un extranjero comprendido en esas conductas no podr\u00e1 ingresar al pa\u00eds y, si ya reside en la Rep\u00fablica Argentina, podr\u00e1 perder su residencia y ser intimado a abandonar el territorio o ser expulsado.<\/p>\n<p>De hecho, en el art\u00edculo 3 se remarca que \u201cla cancelaci\u00f3n de la residencia conforme lo previsto en los incisos f) y h) del art\u00edculo 62 de la presente ley conlleva la conminaci\u00f3n a hacer abandono del pa\u00eds dentro del plazo que se fije o bien la expulsi\u00f3n del territorio nacional, teniendo en consideraci\u00f3n las circunstancias f\u00e1cticas y personales del interesado;\u201d.<\/p>\n<p>Con este decreto, el Ejecutivo argentino refuerz\u00f3 su posici\u00f3n respecto a qui\u00e9nes pueden permanecer en el territorio nacional, advirtiendo que cualquier acto percibido como ataque a la Rep\u00fablica ser\u00e1 motivo suficiente para la denegaci\u00f3n de ingreso o la expulsi\u00f3n inmediata, de acuerdo con la nueva normativa. La Oficina del Presidente subray\u00f3 que la defensa de la Naci\u00f3n y sus principios es prioritaria ante cualquier circunstancia.<\/p>\n<\/div>\n<div>\n<div id=\"117986-4\"><\/div>\n<\/div>\n","protected":false},"excerpt":{"rendered":"<p>La Oficina del Presidente sostuvo que la decisi\u00f3n busca preservar la integridad social y el orden institucional, y que responde a episodios recientes de tensi\u00f3n por declaraciones que fueron interpretadas como ofensas a la Rep\u00fablica y sus habitantes Tras la participaci\u00f3n de la Selecci\u00f3n Argentina en el Mundial, se gener\u00f3 una \u201ccampa\u00f1a antiargentina\u201d que trascendi\u00f3 [&hellip;]<\/p>\n","protected":false},"author":2,"featured_media":10891,"comment_status":"open","ping_status":"open","sticky":false,"template":"","format":"standard","meta":{"footnotes":""},"categories":[78],"tags":[],"class_list":["post-10890","post","type-post","status-publish","format-standard","has-post-thumbnail","category-nacional"],"_links":{"self":[{"href":"https:\/\/radiokissnoticias.com.ar\/web\/wp-json\/wp\/v2\/posts\/10890","targetHints":{"allow":["GET"]}}],"collection":[{"href":"https:\/\/radiokissnoticias.com.ar\/web\/wp-json\/wp\/v2\/posts"}],"about":[{"href":"https:\/\/radiokissnoticias.com.ar\/web\/wp-json\/wp\/v2\/types\/post"}],"author":[{"embeddable":true,"href":"https:\/\/radiokissnoticias.com.ar\/web\/wp-json\/wp\/v2\/users\/2"}],"replies":[{"embeddable":true,"href":"https:\/\/radiokissnoticias.com.ar\/web\/wp-json\/wp\/v2\/comments?post=10890"}],"version-history":[{"count":2,"href":"https:\/\/radiokissnoticias.com.ar\/web\/wp-json\/wp\/v2\/posts\/10890\/revisions"}],"predecessor-version":[{"id":10893,"href":"https:\/\/radiokissnoticias.com.ar\/web\/wp-json\/wp\/v2\/posts\/10890\/revisions\/10893"}],"wp:featuredmedia":[{"embeddable":true,"href":"https:\/\/radiokissnoticias.com.ar\/web\/wp-json\/wp\/v2\/media\/10891"}],"wp:attachment":[{"href":"https:\/\/radiokissnoticias.com.ar\/web\/wp-json\/wp\/v2\/media?parent=10890"}],"wp:term":[{"taxonomy":"category","embeddable":true,"href":"https:\/\/radiokissnoticias.com.ar\/web\/wp-json\/wp\/v2\/categories?post=10890"},{"taxonomy":"post_tag","embeddable":true,"href":"https:\/\/radiokissnoticias.com.ar\/web\/wp-json\/wp\/v2\/tags?post=10890"}],"curies":[{"name":"wp","href":"https:\/\/api.w.org\/{rel}","templated":true}]}}