{"id":10881,"date":"2026-07-30T10:23:21","date_gmt":"2026-07-30T13:23:21","guid":{"rendered":"https:\/\/radiokissnoticias.com.ar\/web\/?p=10881"},"modified":"2026-07-30T10:23:21","modified_gmt":"2026-07-30T13:23:21","slug":"oficial-de-basquet-formativo-amad-gano-en-infantiles-y-union-en-juveniles","status":"publish","type":"post","link":"https:\/\/radiokissnoticias.com.ar\/web\/2026\/07\/30\/oficial-de-basquet-formativo-amad-gano-en-infantiles-y-union-en-juveniles\/","title":{"rendered":"Oficial de b\u00e1squet formativo: AMAD gan\u00f3 en infantiles y Uni\u00f3n en juveniles"},"content":{"rendered":"<p>El mi\u00e9rcoles 29 en el Gigante del Nordeste, los triunfos fueron para AMAD en categor\u00eda Infantil y para Uni\u00f3n en Juvenil. El jueves los juegos ser\u00e1n en cancha de Instituto San Mart\u00edn.<\/p>\n<p>Dando continuidad al Torneo Oficial de las Formativas Masculino organizado por la Asociaci\u00f3n Goyana de B\u00e1squet, el mi\u00e9rcoles 29 se cumpli\u00f3 con una nueva jornada en instalaciones del club AMAD.<br \/>\nDos fueron los cotejos protagonizados en la noche por los equipos de Infantiles y Juveniles del due\u00f1o de casa y Uni\u00f3n.<\/p>\n<p>RESUMEN<\/p>\n<p>INFANTILES<\/p>\n<p>AMAD 52 &#8211; UNION 32. Parciales: 06\/04 &#8211; 23\/06 &#8211; 08\/13 &#8211; 15\/09<\/p>\n<p>AMAD: Genaro Fern\u00e1ndez Z 11, Thiago Yacuzzi 4, Lorenzo Flores 4, Gonzalo Garc\u00eda 5, Fernando Aranda 2, Samuel Hayers 14, Ciro Escobar 2, Juan Ben\u00edtez 2, Bautista Ojeda 8. D.T. Augusto Gonz\u00e1lez<br \/>\nUNION: Tom\u00e1s Holtz 3, Benjam\u00edn Acevedo 5, Rafael Blanco 2, Franco Montenegro 5, Santiago Canteros 3, Noah S\u00e1nchez 5, Juan Camino 5, Nicanor Rodr\u00edguez 4. D.T. Luciano Falc\u00f3n<\/p>\n<p>JUVENILES<\/p>\n<p>AMAD 40 &#8211; UNION 48. Parciales: 09\/20 &#8211; 03\/06 &#8211; 12\/11 &#8211; 15\/11<\/p>\n<p>AMAD: Thiago L\u00f3pez 3, Juan Almir\u00f3n 3, Tom\u00e1s Bartlett 6, Juan Galarza 1, Isa\u00edas Leiva 2, Ger\u00f3nimo Aldecoa 9, Facundo Vallejos 4, Santiago Oviedo 12. D.T. Juan Humberto L\u00f3pez R\u00edos<\/p>\n<p>UNION: Juli\u00e1n P\u00e9rez 17, Leandro Gonz\u00e1lez 3, Lautaro Melini 6, Mat\u00edas Vicent\u00edn 1, Ignacio Basualdo 7, Benjam\u00edn Meza 3, Renzo Valente 3, Benjam\u00edn Ragazzo 8. D.T. Agust\u00edn Rojas.<\/p>\n<p>PROGRAMACI\u00d3N JUEVES 30.07.26<\/p>\n<p>Cancha SAN MART\u00cdN &#8211; 20.30 horas &#8211; Categor\u00edas MINI y CADETES<\/p>\n<p>ISM vs. AGDA<\/p>\n","protected":false},"excerpt":{"rendered":"<p>El mi\u00e9rcoles 29 en el Gigante del Nordeste, los triunfos fueron para AMAD en categor\u00eda Infantil y para Uni\u00f3n en Juvenil. El jueves los juegos ser\u00e1n en cancha de Instituto San Mart\u00edn. Dando continuidad al Torneo Oficial de las Formativas Masculino organizado por la Asociaci\u00f3n Goyana de B\u00e1squet, el mi\u00e9rcoles 29 se cumpli\u00f3 con una [&hellip;]<\/p>\n","protected":false},"author":2,"featured_media":10882,"comment_status":"open","ping_status":"open","sticky":false,"template":"","format":"standard","meta":{"footnotes":""},"categories":[83],"tags":[],"class_list":["post-10881","post","type-post","status-publish","format-standard","has-post-thumbnail","category-deporte"],"_links":{"self":[{"href":"https:\/\/radiokissnoticias.com.ar\/web\/wp-json\/wp\/v2\/posts\/10881","targetHints":{"allow":["GET"]}}],"collection":[{"href":"https:\/\/radiokissnoticias.com.ar\/web\/wp-json\/wp\/v2\/posts"}],"about":[{"href":"https:\/\/radiokissnoticias.com.ar\/web\/wp-json\/wp\/v2\/types\/post"}],"author":[{"embeddable":true,"href":"https:\/\/radiokissnoticias.com.ar\/web\/wp-json\/wp\/v2\/users\/2"}],"replies":[{"embeddable":true,"href":"https:\/\/radiokissnoticias.com.ar\/web\/wp-json\/wp\/v2\/comments?post=10881"}],"version-history":[{"count":1,"href":"https:\/\/radiokissnoticias.com.ar\/web\/wp-json\/wp\/v2\/posts\/10881\/revisions"}],"predecessor-version":[{"id":10883,"href":"https:\/\/radiokissnoticias.com.ar\/web\/wp-json\/wp\/v2\/posts\/10881\/revisions\/10883"}],"wp:featuredmedia":[{"embeddable":true,"href":"https:\/\/radiokissnoticias.com.ar\/web\/wp-json\/wp\/v2\/media\/10882"}],"wp:attachment":[{"href":"https:\/\/radiokissnoticias.com.ar\/web\/wp-json\/wp\/v2\/media?parent=10881"}],"wp:term":[{"taxonomy":"category","embeddable":true,"href":"https:\/\/radiokissnoticias.com.ar\/web\/wp-json\/wp\/v2\/categories?post=10881"},{"taxonomy":"post_tag","embeddable":true,"href":"https:\/\/radiokissnoticias.com.ar\/web\/wp-json\/wp\/v2\/tags?post=10881"}],"curies":[{"name":"wp","href":"https:\/\/api.w.org\/{rel}","templated":true}]}}