{"id":10877,"date":"2026-07-30T10:21:39","date_gmt":"2026-07-30T13:21:39","guid":{"rendered":"https:\/\/radiokissnoticias.com.ar\/web\/?p=10877"},"modified":"2026-07-30T10:21:39","modified_gmt":"2026-07-30T13:21:39","slug":"presbitero-victor-hugo-arroyo-alberto-devoto-danos-tu-fuego-y-tu-paciencia","status":"publish","type":"post","link":"https:\/\/radiokissnoticias.com.ar\/web\/2026\/07\/30\/presbitero-victor-hugo-arroyo-alberto-devoto-danos-tu-fuego-y-tu-paciencia\/","title":{"rendered":"Presb\u00edtero V\u00edctor Hugo Arroyo: \u00abAlberto Devoto danos tu fuego y tu paciencia\u00bb"},"content":{"rendered":"<p>Al cumplirse 42 a\u00f1os del fallecimiento de monse\u00f1or Alberto Pascual Devoto, primer obispo de la di\u00f3cesis de Goya, la feligres\u00eda se reuni\u00f3 en la Iglesia Catedral Nuestra Se\u00f1ora del Rosario \u2014lugar donde descansan sus restos\u2014 para celebrar una santa misa en su memoria. La eucarist\u00eda fue presidida por el presb\u00edtero V\u00edctor Hugo Arroyo, sacerdote que fuera ordenado por el propio monse\u00f1or Devoto.<\/p>\n<p>Durante la homil\u00eda, el padre \u00abCoqu\u00ed\u00bb Arroyo destac\u00f3 la figura del recordado pastor diocesano. En su predicaci\u00f3n, dio paso a la lectura de un conmovedor testimonio escrito por la sobrina del prelado, la Profesora Sof\u00eda A. Scarfia, titulado \u00abLo que viv\u00ed y aprend\u00ed\u00bb.<\/p>\n<p>En el escrito, la sobrina del obispo Devoto, evoc\u00f3 sus viajes a Goya desde 1971 y c\u00f3mo pudo palpar de cerca la opci\u00f3n por los pobres que encarnaba su t\u00edo:<\/p>\n<p>\u00abMi t\u00edo planific\u00f3 una visita al barrio cerca de la iglesia de San Cayetano, donde se encontraba su casita, a la que llamaba &#8216;che roga min\u00ed&#8217; (&#8216;peque\u00f1a casa&#8217;). Fuimos caminando porque no ten\u00eda movilidad propia&#8230; All\u00ed vimos una vivienda muy sencilla, sin agua corriente, por lo que \u00e9l iba con el balde a buscar su agua, igual que toda su gente. Primera ense\u00f1anza: vivir con sencillez, sin opulencia\u00bb.<\/p>\n<p>El testimonio repas\u00f3 adem\u00e1s aspectos centrales del legado de monse\u00f1or Devoto: La vivencia del respeto mutuo, simbolizada en el regalo de un Talit Gadol por parte de un rabino amigo en Israel.<\/p>\n<p>El respeto por la religiosidad popular, la hospitalidad correntina y la convicci\u00f3n de dar dignidad al pobre para que sea protagonista de su propio desarrollo.<\/p>\n<p>Pionero en la aplicaci\u00f3n del Concilio Vaticano II y de las orientaciones de Medell\u00edn, Devoto plasm\u00f3 esta postura en sus cartas pastorales de 1966 y 1976, renunciando incluso al sueldo del Estado e impulsando una liturgia participativa y sin privilegios.<\/p>\n<p>Su incansable labor en favor de los campesinos, los trabajadores explotados, los perseguidos y los presos pol\u00edticos, a quienes visitaba en los penales soportando inclemencias y humillaciones para llevar consuelo espiritual y material.<\/p>\n<p>Responso<\/p>\n<p>Antes de pronunciar el responso final, el padre Arroyo asperj\u00f3 agua bendita e invit\u00f3 a los fieles presentes a persignarse y encomendar sus oraciones al recordado pastor.<\/p>\n<p>En ese marco de profunda devoci\u00f3n, el presb\u00edtero destac\u00f3 un poema de su autor\u00eda en homenaje al primer obispo de Goya, cuyas estrofas rescatan la huella imborrable de su ministerio e imploran su gu\u00eda e intercesi\u00f3n:<\/p>\n<p>Recordarte, Alberto, es revivirte y encontrar las razones del camino&#8230;Tu sencillez y tu mirada clara nos devuelven las ganas y el sentido de retomar la causa que alent\u00f3 tu vida: de cara a Dios y de servicio al pueblo, esa tu vida \u00a1qu\u00e9 indiscutible claridad tuvo&#8230;! mucho de santo con sencillez de hermano. Esta &#8220;noche oscura&#8221; de silencios y miedos&#8230;leer tus cartas, robarle al tiempo tus palabras&#8230;es encontrar la luz discreta y simple o el agua fresca que tu mano brinda.<\/p>\n<p>Amigo, hermano, padre, compa\u00f1ero, \u00a1c\u00f3mo cuesta sentirte tan lejano y resignarse s\u00f3lo a tus recuerdos&#8230;!<\/p>\n<p>Danos tu fuego y tu paciencia, danos&#8230; y ese tu silencio que nos hablaba tanto&#8230; En esa nueva luz en la que habitas, te pedimos: \u00a1ay\u00fadanos, Alberto! &#8211;<\/p>\n<p>MONSE\u00d1OR DEVOTO<\/p>\n<p>El 17 de mayo de 1918, naci\u00f3 en el barrio porte\u00f1o del Congreso. El 28 de<\/p>\n<p>julio de 1918, recibi\u00f3 el bautismo en la parroquia Nuestra Se\u00f1ora de Balvanera (fecha en la que, 66 a\u00f1os m\u00e1s tarde, entregar\u00eda su vida al Padre).<\/p>\n<p>El 6 de diciembre de 1942 fue ordenado sacerdote tras completar sus estudios en el<\/p>\n<p>Seminario de Villa Devoto. Fue el \u00fanico sacerdote del clero porte\u00f1o en participar de la Delegaci\u00f3n ante la Comisi\u00f3n Preparatoria del Concilio.<\/p>\n<p>El 17 de septiembre de 1961: Fue consagrado obispo en la Catedral de San Isidro y el 29 de octubre de 1961, con 43 a\u00f1os, toma posesi\u00f3n de la naciente di\u00f3cesis de Goya, iniciando un fecundo e inolvidable ministerio centrado en la fidelidad al Evangelio y bajo el lema episcopal: \u00abYo siempre estar\u00e9 contigo\u00bb. &#8211;<\/p>\n<p>PRENSA OBISPADO DE GOYA<\/p>\n","protected":false},"excerpt":{"rendered":"<p>Al cumplirse 42 a\u00f1os del fallecimiento de monse\u00f1or Alberto Pascual Devoto, primer obispo de la di\u00f3cesis de Goya, la feligres\u00eda se reuni\u00f3 en la Iglesia Catedral Nuestra Se\u00f1ora del Rosario \u2014lugar donde descansan sus restos\u2014 para celebrar una santa misa en su memoria. La eucarist\u00eda fue presidida por el presb\u00edtero V\u00edctor Hugo Arroyo, sacerdote que [&hellip;]<\/p>\n","protected":false},"author":2,"featured_media":10878,"comment_status":"open","ping_status":"open","sticky":false,"template":"","format":"standard","meta":{"footnotes":""},"categories":[77],"tags":[],"class_list":["post-10877","post","type-post","status-publish","format-standard","has-post-thumbnail","category-local"],"_links":{"self":[{"href":"https:\/\/radiokissnoticias.com.ar\/web\/wp-json\/wp\/v2\/posts\/10877","targetHints":{"allow":["GET"]}}],"collection":[{"href":"https:\/\/radiokissnoticias.com.ar\/web\/wp-json\/wp\/v2\/posts"}],"about":[{"href":"https:\/\/radiokissnoticias.com.ar\/web\/wp-json\/wp\/v2\/types\/post"}],"author":[{"embeddable":true,"href":"https:\/\/radiokissnoticias.com.ar\/web\/wp-json\/wp\/v2\/users\/2"}],"replies":[{"embeddable":true,"href":"https:\/\/radiokissnoticias.com.ar\/web\/wp-json\/wp\/v2\/comments?post=10877"}],"version-history":[{"count":2,"href":"https:\/\/radiokissnoticias.com.ar\/web\/wp-json\/wp\/v2\/posts\/10877\/revisions"}],"predecessor-version":[{"id":10880,"href":"https:\/\/radiokissnoticias.com.ar\/web\/wp-json\/wp\/v2\/posts\/10877\/revisions\/10880"}],"wp:featuredmedia":[{"embeddable":true,"href":"https:\/\/radiokissnoticias.com.ar\/web\/wp-json\/wp\/v2\/media\/10878"}],"wp:attachment":[{"href":"https:\/\/radiokissnoticias.com.ar\/web\/wp-json\/wp\/v2\/media?parent=10877"}],"wp:term":[{"taxonomy":"category","embeddable":true,"href":"https:\/\/radiokissnoticias.com.ar\/web\/wp-json\/wp\/v2\/categories?post=10877"},{"taxonomy":"post_tag","embeddable":true,"href":"https:\/\/radiokissnoticias.com.ar\/web\/wp-json\/wp\/v2\/tags?post=10877"}],"curies":[{"name":"wp","href":"https:\/\/api.w.org\/{rel}","templated":true}]}}