{"id":10874,"date":"2026-07-30T10:19:30","date_gmt":"2026-07-30T13:19:30","guid":{"rendered":"https:\/\/radiokissnoticias.com.ar\/web\/?p=10874"},"modified":"2026-07-30T10:19:30","modified_gmt":"2026-07-30T13:19:30","slug":"suteco-confirmo-adhesion-al-paro-nacional-docente","status":"publish","type":"post","link":"https:\/\/radiokissnoticias.com.ar\/web\/2026\/07\/30\/suteco-confirmo-adhesion-al-paro-nacional-docente\/","title":{"rendered":"SUTECO confirm\u00f3 adhesi\u00f3n al paro nacional docente"},"content":{"rendered":"<p>En el marco del paro nacional docente convocado por la Confederaci\u00f3n de Trabajadores de la Educaci\u00f3n de la Rep\u00fablica Argentina (CTERA) para el pr\u00f3ximo lunes 3 de agosto, el Sindicato \u00danico de Trabajadores de la Educaci\u00f3n de Corrientes (SUTECO) ratific\u00f3 su adhesi\u00f3n a la medida de fuerza y difundi\u00f3 un pliego de reclamos dirigidos tanto al Gobierno provincial como a la administraci\u00f3n nacional.<\/p>\n<div>Desde el gremio se\u00f1alaron que la protesta responde al deterioro del poder adquisitivo de los salarios, el desfinanciamiento de la educaci\u00f3n p\u00fablica y la necesidad de avanzar en pol\u00edticas que garanticen mejores condiciones laborales para el sector.<\/div>\n<div>\n<div><\/div>\n<div>En el plano provincial, SUTECO reclama una recomposici\u00f3n del salario b\u00e1sico en un solo pago y por encima de la inflaci\u00f3n acumulada durante los \u00faltimos seis meses, con impacto inmediato en los haberes de los docentes jubilados. Adem\u00e1s, exige que el salario inicial supere la l\u00ednea de pobreza, que el Instituto Nacional de Estad\u00edstica y Censos (INDEC) ubic\u00f3 en $1.531.473 para junio de 2026.<\/div>\n<\/div>\n<div>\n<div><\/div>\n<div>El sindicato tambi\u00e9n demanda la creaci\u00f3n de un Fondo Compensador Provincial de car\u00e1cter remunerativo y bonificable, junto con la incorporaci\u00f3n de los adicionales por Movilidad y Zona. A ello suma el pedido de plena vigencia del 82% m\u00f3vil para las jubilaciones docentes y el rechazo a cualquier intento de transferencia del Instituto de Previsi\u00f3n Social (IPS) a la \u00f3rbita nacional.<\/div>\n<\/div>\n<div>\n<div><\/div>\n<div>Entre las reivindicaciones provinciales figuran adem\u00e1s la titularizaci\u00f3n y estabilidad laboral en todos los niveles y modalidades educativas, el pago del plus salarial hasta en dos cargos, el blanqueo total de las sumas no remunerativas, la eliminaci\u00f3n del pago de haberes en cuotas y por terminaci\u00f3n de DNI, la mejora del escalaf\u00f3n docente, el funcionamiento pleno del IOSCOR en toda la provincia, la descentralizaci\u00f3n del Contralor M\u00e9dico y la implementaci\u00f3n de un plan provincial de viviendas destinado al sector.<\/div>\n<\/div>\n<div>\n<div><\/div>\n<div>En el \u00e1mbito nacional, SUTECO acompa\u00f1a las demandas impulsadas por CTERA, que incluyen la convocatoria urgente a la Paritaria Nacional Docente, la recuperaci\u00f3n del poder adquisitivo de los salarios y la restituci\u00f3n del Fondo Nacional de Incentivo Docente (FONID). Asimismo, rechaza el proyecto de Ley de Libertad Educativa por considerar que afecta el derecho social a la educaci\u00f3n y el rol del Estado como garante del sistema educativo.<\/div>\n<div><\/div>\n<\/div>\n","protected":false},"excerpt":{"rendered":"<p>En el marco del paro nacional docente convocado por la Confederaci\u00f3n de Trabajadores de la Educaci\u00f3n de la Rep\u00fablica Argentina (CTERA) para el pr\u00f3ximo lunes 3 de agosto, el Sindicato \u00danico de Trabajadores de la Educaci\u00f3n de Corrientes (SUTECO) ratific\u00f3 su adhesi\u00f3n a la medida de fuerza y difundi\u00f3 un pliego de reclamos dirigidos tanto [&hellip;]<\/p>\n","protected":false},"author":2,"featured_media":10875,"comment_status":"open","ping_status":"open","sticky":false,"template":"","format":"standard","meta":{"footnotes":""},"categories":[79],"tags":[],"class_list":["post-10874","post","type-post","status-publish","format-standard","has-post-thumbnail","category-provincia"],"_links":{"self":[{"href":"https:\/\/radiokissnoticias.com.ar\/web\/wp-json\/wp\/v2\/posts\/10874","targetHints":{"allow":["GET"]}}],"collection":[{"href":"https:\/\/radiokissnoticias.com.ar\/web\/wp-json\/wp\/v2\/posts"}],"about":[{"href":"https:\/\/radiokissnoticias.com.ar\/web\/wp-json\/wp\/v2\/types\/post"}],"author":[{"embeddable":true,"href":"https:\/\/radiokissnoticias.com.ar\/web\/wp-json\/wp\/v2\/users\/2"}],"replies":[{"embeddable":true,"href":"https:\/\/radiokissnoticias.com.ar\/web\/wp-json\/wp\/v2\/comments?post=10874"}],"version-history":[{"count":1,"href":"https:\/\/radiokissnoticias.com.ar\/web\/wp-json\/wp\/v2\/posts\/10874\/revisions"}],"predecessor-version":[{"id":10876,"href":"https:\/\/radiokissnoticias.com.ar\/web\/wp-json\/wp\/v2\/posts\/10874\/revisions\/10876"}],"wp:featuredmedia":[{"embeddable":true,"href":"https:\/\/radiokissnoticias.com.ar\/web\/wp-json\/wp\/v2\/media\/10875"}],"wp:attachment":[{"href":"https:\/\/radiokissnoticias.com.ar\/web\/wp-json\/wp\/v2\/media?parent=10874"}],"wp:term":[{"taxonomy":"category","embeddable":true,"href":"https:\/\/radiokissnoticias.com.ar\/web\/wp-json\/wp\/v2\/categories?post=10874"},{"taxonomy":"post_tag","embeddable":true,"href":"https:\/\/radiokissnoticias.com.ar\/web\/wp-json\/wp\/v2\/tags?post=10874"}],"curies":[{"name":"wp","href":"https:\/\/api.w.org\/{rel}","templated":true}]}}