{"id":10871,"date":"2026-07-30T10:18:10","date_gmt":"2026-07-30T13:18:10","guid":{"rendered":"https:\/\/radiokissnoticias.com.ar\/web\/?p=10871"},"modified":"2026-07-30T10:18:10","modified_gmt":"2026-07-30T13:18:10","slug":"goya-ur-ii-el-jefe-de-maciel-declaro-que-el-ex-comisario-levanto-el-operativo-tras-el-falso-hallazgo-de-loan","status":"publish","type":"post","link":"https:\/\/radiokissnoticias.com.ar\/web\/2026\/07\/30\/goya-ur-ii-el-jefe-de-maciel-declaro-que-el-ex-comisario-levanto-el-operativo-tras-el-falso-hallazgo-de-loan\/","title":{"rendered":"GOYA &#8211; UR II: El jefe de Maciel declar\u00f3 que el ex comisario levant\u00f3 el operativo tras el falso hallazgo de Loan"},"content":{"rendered":"<p>El comisario retirado Roque Nicol\u00e1s B\u00e1ez, quien al momento de la desaparici\u00f3n de Loan era jefe de la Unidad Regional II Goya y superior directo de Walter Maciel, declar\u00f3 este mi\u00e9rcoles en la und\u00e9cima audiencia del juicio y aport\u00f3 el testimonio m\u00e1s contundente de la jornada: desconf\u00eda de Maciel, cree que Caillava y P\u00e9rez tuvieron un rol central en la desaparici\u00f3n del ni\u00f1o y revel\u00f3 que el ex comisario acumulaba antecedentes disciplinarios previos al caso.<\/p>\n<div><b>La falsa alarma y la bronca con Maciel<\/b><\/div>\n<div><\/div>\n<div>B\u00e1ez reconstruy\u00f3 la madrugada del 14 de junio con precisi\u00f3n. Cerca de las 2, mientras volv\u00eda de verificar una pista sobre un veh\u00edculo sospechoso en la Ruta Provincial 12 que no dio resultado, Maciel lo llam\u00f3 para avisarle que Loan hab\u00eda aparecido. \u00abFuimos al ingreso del campo, porque se supon\u00eda que el nene estar\u00eda en la casa de la abuela. Pero al llegar, pregunto por \u00e9l y me dicen que no estaba\u00bb, relat\u00f3.<\/div>\n<div><\/div>\n<div>Enojado, le pidi\u00f3 explicaciones a Maciel. \u00abMe dice \u2018recib\u00ed una llamada\u2019, pero no me supo explicar m\u00e1s\u00bb. Para colmo, ese rumor sin sustento hizo que se levantara el operativo de b\u00fasqueda. B\u00e1ez dijo que nunca pudo determinar qui\u00e9n orden\u00f3 eso, pero fue directo sobre d\u00f3nde buscar la respuesta: \u00abSe busc\u00f3 el origen de esa informaci\u00f3n falsa; creo que debe estar en el tel\u00e9fono de Maciel esa llamada\u00bb.<\/div>\n<div><\/div>\n<div><b>Los antecedentes de Maciel<\/b><\/div>\n<div><\/div>\n<div>Consultado sobre si conoc\u00eda denuncias contra Maciel, B\u00e1ez no esquiv\u00f3 la pregunta. Revel\u00f3 que un efectivo policial se hab\u00eda quejado por malos tratos y que \u00e9l mismo lo hab\u00eda sancionado con entre 13 y 14 d\u00edas de arresto. Tambi\u00e9n mencion\u00f3 una queja por un control de ganado que deriv\u00f3 en un sumario administrativo en Asuntos Internos.<\/div>\n<div><\/div>\n<div><b>El bot\u00edn y las dudas sobre qui\u00e9n lo encontr\u00f3<\/b><\/div>\n<div><\/div>\n<div>Sobre el hallazgo del bot\u00edn de Loan, B\u00e1ez dijo que fue Maciel quien se lo comunic\u00f3. \u00abMe afirm\u00f3 que lo encontr\u00f3 \u00e9l. Me dijo que estuvieron caminando y vio una sola huella, que levantaron un bot\u00edn presuntamente del chico\u00bb. Pero ese relato le gener\u00f3 dudas. \u00abDespu\u00e9s otras personas salen a decir otra cosa\u00bb, se\u00f1al\u00f3, y apunt\u00f3 que el hallazgo de la zapatilla \u00abdeja muchas dudas\u00bb.<\/div>\n<div><\/div>\n<div><b>La hip\u00f3tesis: Caillava y P\u00e9rez<\/b><\/div>\n<div><\/div>\n<div>El tramo m\u00e1s impactante de su declaraci\u00f3n fue cuando expuso su propia hip\u00f3tesis sobre lo ocurrido. Ratific\u00f3 ante el tribunal lo que ya hab\u00eda declarado ante la fiscal\u00eda el 12 de julio de 2024: \u00abEl luminol dio positivo y eso, sumado a la prueba de odorolog\u00eda, son dos pruebas obtenidas en los veh\u00edculos peritados que unen al caso en una misma situaci\u00f3n. El rastro adentro y el luminol afuera. Podr\u00eda tratarse de la hip\u00f3tesis del accidente, pero mi impresi\u00f3n es que la pareja de Caillava y P\u00e9rez alto tuvo que ver en la desaparici\u00f3n\u00bb.<\/div>\n<div><\/div>\n<div>Y explic\u00f3 por qu\u00e9 Maciel ocupa un lugar central en esa sospecha: \u00abMi sospecha es porque Maciel miente y autoriza a esta pareja a viajar. Como funcionarios, no estamos facultados para autorizar a nadie\u00bb.<\/div>\n","protected":false},"excerpt":{"rendered":"<p>El comisario retirado Roque Nicol\u00e1s B\u00e1ez, quien al momento de la desaparici\u00f3n de Loan era jefe de la Unidad Regional II Goya y superior directo de Walter Maciel, declar\u00f3 este mi\u00e9rcoles en la und\u00e9cima audiencia del juicio y aport\u00f3 el testimonio m\u00e1s contundente de la jornada: desconf\u00eda de Maciel, cree que Caillava y P\u00e9rez tuvieron [&hellip;]<\/p>\n","protected":false},"author":2,"featured_media":10872,"comment_status":"open","ping_status":"open","sticky":false,"template":"","format":"standard","meta":{"footnotes":""},"categories":[82],"tags":[],"class_list":["post-10871","post","type-post","status-publish","format-standard","has-post-thumbnail","category-policiales"],"_links":{"self":[{"href":"https:\/\/radiokissnoticias.com.ar\/web\/wp-json\/wp\/v2\/posts\/10871","targetHints":{"allow":["GET"]}}],"collection":[{"href":"https:\/\/radiokissnoticias.com.ar\/web\/wp-json\/wp\/v2\/posts"}],"about":[{"href":"https:\/\/radiokissnoticias.com.ar\/web\/wp-json\/wp\/v2\/types\/post"}],"author":[{"embeddable":true,"href":"https:\/\/radiokissnoticias.com.ar\/web\/wp-json\/wp\/v2\/users\/2"}],"replies":[{"embeddable":true,"href":"https:\/\/radiokissnoticias.com.ar\/web\/wp-json\/wp\/v2\/comments?post=10871"}],"version-history":[{"count":1,"href":"https:\/\/radiokissnoticias.com.ar\/web\/wp-json\/wp\/v2\/posts\/10871\/revisions"}],"predecessor-version":[{"id":10873,"href":"https:\/\/radiokissnoticias.com.ar\/web\/wp-json\/wp\/v2\/posts\/10871\/revisions\/10873"}],"wp:featuredmedia":[{"embeddable":true,"href":"https:\/\/radiokissnoticias.com.ar\/web\/wp-json\/wp\/v2\/media\/10872"}],"wp:attachment":[{"href":"https:\/\/radiokissnoticias.com.ar\/web\/wp-json\/wp\/v2\/media?parent=10871"}],"wp:term":[{"taxonomy":"category","embeddable":true,"href":"https:\/\/radiokissnoticias.com.ar\/web\/wp-json\/wp\/v2\/categories?post=10871"},{"taxonomy":"post_tag","embeddable":true,"href":"https:\/\/radiokissnoticias.com.ar\/web\/wp-json\/wp\/v2\/tags?post=10871"}],"curies":[{"name":"wp","href":"https:\/\/api.w.org\/{rel}","templated":true}]}}