{"id":10868,"date":"2026-07-30T10:16:37","date_gmt":"2026-07-30T13:16:37","guid":{"rendered":"https:\/\/radiokissnoticias.com.ar\/web\/?p=10868"},"modified":"2026-07-30T10:16:37","modified_gmt":"2026-07-30T13:16:37","slug":"allanan-en-goya-por-narcomenudeo-la-casa-de-una-testigo-del-caso-loan","status":"publish","type":"post","link":"https:\/\/radiokissnoticias.com.ar\/web\/2026\/07\/30\/allanan-en-goya-por-narcomenudeo-la-casa-de-una-testigo-del-caso-loan\/","title":{"rendered":"Allanan en Goya por narcomenudeo la casa de una testigo del caso Loan"},"content":{"rendered":"<p>La mujer en un principio del proceso figuraba con la protecci\u00f3n de identidad.<\/p>\n<div>La Justicia dispuso este mi\u00e9rcoles allanar una casa en la ciudad de Goya por una causa de narcomenudeo, en la que adem\u00e1s cobra relevancia la persona ya que fue testigo de identidad reservada, en una etapa de la investigaci\u00f3n por la desaparici\u00f3n del ni\u00f1o Loan Pe\u00f1a.<\/div>\n<div><\/div>\n<div>Seg\u00fan pudo saberse se tratar\u00eda de Rocio F. la cual sacudi\u00f3 los expedientes del Juzgado Federal de Goya en 2024 al afirmar que al menor oriundo de la localidad de 9 de Julio, lo tendr\u00edan oculto cerca de su domicilio.<\/div>\n<div><\/div>\n<div>En esa instancia y en virtud del &#8220;contundente&#8221; dato que aport\u00f3 y que despu\u00e9s no pudo ser probado, la Justicia la hab\u00eda colocado como testigo de identidad reservada.<\/div>\n<div><\/div>\n<div>Ahora, esta misma persona atrajo otra vez la mirada de la Justicia, pero por otro hecho, que se sustancia bajo las disposiciones de la Ley 23737 de narcomenudeo, y en ese sentido personal policial de la Comisar\u00eda Segunda de Goya llev\u00f3 a cabo el allanamiento.<\/div>\n","protected":false},"excerpt":{"rendered":"<p>La mujer en un principio del proceso figuraba con la protecci\u00f3n de identidad. La Justicia dispuso este mi\u00e9rcoles allanar una casa en la ciudad de Goya por una causa de narcomenudeo, en la que adem\u00e1s cobra relevancia la persona ya que fue testigo de identidad reservada, en una etapa de la investigaci\u00f3n por la desaparici\u00f3n [&hellip;]<\/p>\n","protected":false},"author":2,"featured_media":10869,"comment_status":"open","ping_status":"open","sticky":false,"template":"","format":"standard","meta":{"footnotes":""},"categories":[82],"tags":[],"class_list":["post-10868","post","type-post","status-publish","format-standard","has-post-thumbnail","category-policiales"],"_links":{"self":[{"href":"https:\/\/radiokissnoticias.com.ar\/web\/wp-json\/wp\/v2\/posts\/10868","targetHints":{"allow":["GET"]}}],"collection":[{"href":"https:\/\/radiokissnoticias.com.ar\/web\/wp-json\/wp\/v2\/posts"}],"about":[{"href":"https:\/\/radiokissnoticias.com.ar\/web\/wp-json\/wp\/v2\/types\/post"}],"author":[{"embeddable":true,"href":"https:\/\/radiokissnoticias.com.ar\/web\/wp-json\/wp\/v2\/users\/2"}],"replies":[{"embeddable":true,"href":"https:\/\/radiokissnoticias.com.ar\/web\/wp-json\/wp\/v2\/comments?post=10868"}],"version-history":[{"count":1,"href":"https:\/\/radiokissnoticias.com.ar\/web\/wp-json\/wp\/v2\/posts\/10868\/revisions"}],"predecessor-version":[{"id":10870,"href":"https:\/\/radiokissnoticias.com.ar\/web\/wp-json\/wp\/v2\/posts\/10868\/revisions\/10870"}],"wp:featuredmedia":[{"embeddable":true,"href":"https:\/\/radiokissnoticias.com.ar\/web\/wp-json\/wp\/v2\/media\/10869"}],"wp:attachment":[{"href":"https:\/\/radiokissnoticias.com.ar\/web\/wp-json\/wp\/v2\/media?parent=10868"}],"wp:term":[{"taxonomy":"category","embeddable":true,"href":"https:\/\/radiokissnoticias.com.ar\/web\/wp-json\/wp\/v2\/categories?post=10868"},{"taxonomy":"post_tag","embeddable":true,"href":"https:\/\/radiokissnoticias.com.ar\/web\/wp-json\/wp\/v2\/tags?post=10868"}],"curies":[{"name":"wp","href":"https:\/\/api.w.org\/{rel}","templated":true}]}}