{"id":10865,"date":"2026-07-30T10:15:14","date_gmt":"2026-07-30T13:15:14","guid":{"rendered":"https:\/\/radiokissnoticias.com.ar\/web\/?p=10865"},"modified":"2026-07-30T10:15:14","modified_gmt":"2026-07-30T13:15:14","slug":"el-tradicional-concurso-pintemos-goya-traslado-su-punto-de-encuentro-al-paseo-puerto-interior","status":"publish","type":"post","link":"https:\/\/radiokissnoticias.com.ar\/web\/2026\/07\/30\/el-tradicional-concurso-pintemos-goya-traslado-su-punto-de-encuentro-al-paseo-puerto-interior\/","title":{"rendered":"El tradicional concurso \u201cPintemos Goya\u201d traslad\u00f3 su punto de encuentro al paseo puerto interior"},"content":{"rendered":"<p>La 22\u00b0 edici\u00f3n de \u201cPintemos Goya\u201d se desarrollar\u00e1 del 14 al 16 de agosto con sede central en el Paseo Puerto Interior. La tradicional propuesta art\u00edstica cambia su espacio principal y cuenta con inscriptos de distintas provincias, en una edici\u00f3n cargada de emotividad por la ausencia de Daniel Chiaravalle.<\/p>\n<div><b>PASEO PUERTO INTERIOR GOYA<\/b><\/div>\n<div><\/div>\n<div>En declaraciones a Radio Ciudad, el coordinador de Cultura Manuel Zampar explic\u00f3 que para esta nueva edici\u00f3n se modific\u00f3 el punto de encuentro general: \u201clas actividades se concentrar\u00e1n en el Paseo Puerto Interior, junto a la Prefectura, salvo la cena que se realizar\u00e1 en la Casa de la Cultura. Como es habitual, los artistas podr\u00e1n luego trasladarse a cualquier punto de la ciudad para plasmar sus obras, aunque este a\u00f1o la base operativa estar\u00e1 en ese nuevo espacio\u201d.<\/div>\n<div><\/div>\n<div><b>EMOTIVO RECUERDO DEL PRESIDENTE DE SAAP<\/b><\/div>\n<div><\/div>\n<div>La jornada tendr\u00e1 un sentido emotivo especial, ya que no contar\u00e1 con la presencia de Daniel Chiaravalle \u2014presidente de la Sociedad Argentina de Artistas Pl\u00e1sticos\u2014, \u201cun referente que siempre apoy\u00f3 y difundi\u00f3 el certamen a nivel nacional y que falleci\u00f3 poco antes de la fecha en que ten\u00eda previsto viajar a Goya\u201d, coment\u00f3 el coordinador cultural de Goya.<\/div>\n<div><\/div>\n<div><b>INSCRIPCIONES ABIERTAS<\/b><\/div>\n<div><\/div>\n<div>El funcionario municipal del \u00e1rea cultural, anticip\u00f3: \u201cLas inscripciones ya se encuentran abiertas a trav\u00e9s de un enlace digital, con categor\u00edas para profesionales, aficionados, artistas locales y la especialidad en acuarela. El premio mayor es el \u201cGanador de Ganadores\u201d, y todas las distinciones son de car\u00e1cter de adquisici\u00f3n, por lo que las obras pasan a integrar la pinacoteca de la Direcci\u00f3n de Cultura\u201d.<\/div>\n<div><\/div>\n<div><\/div>\n<div><b>ARTISTAS PAISAJISTAS DEL PA\u00cdS PREPARADOS PARA \u201cPINTAR GOYA\u201d<\/b><\/div>\n<div><\/div>\n<div>Finalmente, el coordinador de Cultura adelant\u00f3: \u201cHasta el momento hay confirmada la participaci\u00f3n de artistas de distintas provincias: el colectivo de Florencia Varela, creadores de Misiones, Chaco, C\u00f3rdoba y distintas localidades de Corrientes como Esquina, Alvear y Paso de los Libres. \u201c<\/div>\n<div><\/div>\n<div>\u201cHemos mantenido reuniones organizativas con el secretario de Turismo Sebasti\u00e1n Candia, y todo el equipo para trabajar en los detalles finales para recibir a los participantes a nuestro XXII Pintemos Goya 2026, un encuentro que celebra el arte, la creatividad y la identidad de nuestra ciudad\u201d Indic\u00f3 Manuel Zampar<\/div>\n<div><\/div>\n<div><\/div>\n<div><\/div>\n<div>Direcci\u00f3n de Prensa-Municipalidad de Goya<\/div>\n","protected":false},"excerpt":{"rendered":"<p>La 22\u00b0 edici\u00f3n de \u201cPintemos Goya\u201d se desarrollar\u00e1 del 14 al 16 de agosto con sede central en el Paseo Puerto Interior. La tradicional propuesta art\u00edstica cambia su espacio principal y cuenta con inscriptos de distintas provincias, en una edici\u00f3n cargada de emotividad por la ausencia de Daniel Chiaravalle. PASEO PUERTO INTERIOR GOYA En declaraciones [&hellip;]<\/p>\n","protected":false},"author":2,"featured_media":10866,"comment_status":"open","ping_status":"open","sticky":false,"template":"","format":"standard","meta":{"footnotes":""},"categories":[77],"tags":[],"class_list":["post-10865","post","type-post","status-publish","format-standard","has-post-thumbnail","category-local"],"_links":{"self":[{"href":"https:\/\/radiokissnoticias.com.ar\/web\/wp-json\/wp\/v2\/posts\/10865","targetHints":{"allow":["GET"]}}],"collection":[{"href":"https:\/\/radiokissnoticias.com.ar\/web\/wp-json\/wp\/v2\/posts"}],"about":[{"href":"https:\/\/radiokissnoticias.com.ar\/web\/wp-json\/wp\/v2\/types\/post"}],"author":[{"embeddable":true,"href":"https:\/\/radiokissnoticias.com.ar\/web\/wp-json\/wp\/v2\/users\/2"}],"replies":[{"embeddable":true,"href":"https:\/\/radiokissnoticias.com.ar\/web\/wp-json\/wp\/v2\/comments?post=10865"}],"version-history":[{"count":1,"href":"https:\/\/radiokissnoticias.com.ar\/web\/wp-json\/wp\/v2\/posts\/10865\/revisions"}],"predecessor-version":[{"id":10867,"href":"https:\/\/radiokissnoticias.com.ar\/web\/wp-json\/wp\/v2\/posts\/10865\/revisions\/10867"}],"wp:featuredmedia":[{"embeddable":true,"href":"https:\/\/radiokissnoticias.com.ar\/web\/wp-json\/wp\/v2\/media\/10866"}],"wp:attachment":[{"href":"https:\/\/radiokissnoticias.com.ar\/web\/wp-json\/wp\/v2\/media?parent=10865"}],"wp:term":[{"taxonomy":"category","embeddable":true,"href":"https:\/\/radiokissnoticias.com.ar\/web\/wp-json\/wp\/v2\/categories?post=10865"},{"taxonomy":"post_tag","embeddable":true,"href":"https:\/\/radiokissnoticias.com.ar\/web\/wp-json\/wp\/v2\/tags?post=10865"}],"curies":[{"name":"wp","href":"https:\/\/api.w.org\/{rel}","templated":true}]}}