{"id":10855,"date":"2026-07-29T20:49:49","date_gmt":"2026-07-29T23:49:49","guid":{"rendered":"https:\/\/radiokissnoticias.com.ar\/web\/?p=10855"},"modified":"2026-07-29T20:49:49","modified_gmt":"2026-07-29T23:49:49","slug":"caso-loan-un-testigo-clave-complica-a-laudelina-y-benitez","status":"publish","type":"post","link":"https:\/\/radiokissnoticias.com.ar\/web\/2026\/07\/29\/caso-loan-un-testigo-clave-complica-a-laudelina-y-benitez\/","title":{"rendered":"Caso Loan: un testigo clave complica a Laudelina y Ben\u00edtez"},"content":{"rendered":"<p>En el marco de la und\u00e9cima audiencia del juicio oral por la desaparici\u00f3n de Loan Danilo Pe\u00f1a, la declaraci\u00f3n de Jorge Daniel Moreira, ex intendente y actual concejal de 9 de Julio, aport\u00f3 datos reveladores que podr\u00edan alterar el curso de la investigaci\u00f3n. Ante el tribunal, Moreira reconstruy\u00f3 sus movimientos durante los primeros d\u00edas de b\u00fasqueda y dej\u00f3 expuestas irregularidades tanto en el comportamiento de los sospechosos como en el manejo financiero del municipio.<\/p>\n<p>Uno de los puntos m\u00e1s cr\u00edticos del testimonio de Moreira fue el avistamiento de Laudelina Pe\u00f1a y Antonio Ben\u00edtez el viernes 14 de junio, apenas un d\u00eda despu\u00e9s de la desaparici\u00f3n. El testigo asegur\u00f3 haberlos visto salir de la zona del campo donde, horas m\u00e1s tarde, se producir\u00eda el hallazgo del bot\u00edn de Loan.<\/p>\n<p>Seg\u00fan detall\u00f3 el concejal, la pareja le solicit\u00f3 que los trasladara hacia la casa de la abuela de Loan alrededor del mediod\u00eda. Este encuentro cobra especial relevancia para la querella, ya que ocurri\u00f3 antes de que el hallazgo de la prenda fuera difundido por los medios de comunicaci\u00f3n, lo que sit\u00faa a dos de los principales imputados en un lugar y momento clave de la cronolog\u00eda del caso.<\/p>\n<p><b>PERITAJES Y LA SOMBRA DE WALTER MACIEL<\/b><\/p>\n<p>Moreira, quien particip\u00f3 de los rastrillajes iniciales en calidad de ciudadano, tambi\u00e9n brind\u00f3 detalles sobre los procedimientos policiales encabezados por el entonces comisario Walter Maciel. Revel\u00f3 haber sido convocado por el propio Maciel para actuar como testigo en el allanamiento de la vivienda de Laudelina Pe\u00f1a.<\/p>\n<p>Asimismo, record\u00f3 un episodio durante la inspecci\u00f3n del veh\u00edculo de \u201cFierrito\u201d Ram\u00edrez: el momento en que un perro rastreador marc\u00f3 un \u00abolor compatible con Loan\u00bb en una manta utilizada por los ni\u00f1os para jugar.<\/p>\n<p><b>POL\u00c9MICA POR LOS FONDOS A LA FUNDACI\u00d3N DUPUY<\/b><\/p>\n<p>M\u00e1s all\u00e1 de la reconstrucci\u00f3n de los hechos, el testimonio de Moreira desnud\u00f3 una fuerte controversia financiera en la Municipalidad de 9 de Julio. El concejal se refiri\u00f3 a una partida especial de dinero proveniente de la provincia, gestionada espec\u00edficamente para la b\u00fasqueda de Loan, que termin\u00f3 siendo abonada a la Fundaci\u00f3n Dupuy.<\/p>\n<p>Moreira calific\u00f3 el hecho como un \u00aberror administrativo\u00bb por parte del intendente actual, se\u00f1alando que este tipo de fondos, al no estar presupuestados originalmente, deben ser informados de inmediato al Concejo Deliberante. \u00abNosotros le llamamos la atenci\u00f3n y le pedimos una explicaci\u00f3n de por qu\u00e9 pag\u00f3 y no nos puso en conocimiento de ese pago\u00bb, sentenci\u00f3 respecto a la falta de transparencia en la contrataci\u00f3n de dicha fundaci\u00f3n.<\/p>\n<p>La jornada de este mi\u00e9rcoles tambi\u00e9n cont\u00f3 con las declaraciones de la directora del hospital local, Gabina Pelozo, el sargento Lisandro Saucedo y el comisario Roque Nicol\u00e1s B\u00e1ez.<\/p>\n","protected":false},"excerpt":{"rendered":"<p>En el marco de la und\u00e9cima audiencia del juicio oral por la desaparici\u00f3n de Loan Danilo Pe\u00f1a, la declaraci\u00f3n de Jorge Daniel Moreira, ex intendente y actual concejal de 9 de Julio, aport\u00f3 datos reveladores que podr\u00edan alterar el curso de la investigaci\u00f3n. Ante el tribunal, Moreira reconstruy\u00f3 sus movimientos durante los primeros d\u00edas de [&hellip;]<\/p>\n","protected":false},"author":2,"featured_media":10856,"comment_status":"open","ping_status":"open","sticky":false,"template":"","format":"standard","meta":{"footnotes":""},"categories":[82],"tags":[],"class_list":["post-10855","post","type-post","status-publish","format-standard","has-post-thumbnail","category-policiales"],"_links":{"self":[{"href":"https:\/\/radiokissnoticias.com.ar\/web\/wp-json\/wp\/v2\/posts\/10855","targetHints":{"allow":["GET"]}}],"collection":[{"href":"https:\/\/radiokissnoticias.com.ar\/web\/wp-json\/wp\/v2\/posts"}],"about":[{"href":"https:\/\/radiokissnoticias.com.ar\/web\/wp-json\/wp\/v2\/types\/post"}],"author":[{"embeddable":true,"href":"https:\/\/radiokissnoticias.com.ar\/web\/wp-json\/wp\/v2\/users\/2"}],"replies":[{"embeddable":true,"href":"https:\/\/radiokissnoticias.com.ar\/web\/wp-json\/wp\/v2\/comments?post=10855"}],"version-history":[{"count":1,"href":"https:\/\/radiokissnoticias.com.ar\/web\/wp-json\/wp\/v2\/posts\/10855\/revisions"}],"predecessor-version":[{"id":10857,"href":"https:\/\/radiokissnoticias.com.ar\/web\/wp-json\/wp\/v2\/posts\/10855\/revisions\/10857"}],"wp:featuredmedia":[{"embeddable":true,"href":"https:\/\/radiokissnoticias.com.ar\/web\/wp-json\/wp\/v2\/media\/10856"}],"wp:attachment":[{"href":"https:\/\/radiokissnoticias.com.ar\/web\/wp-json\/wp\/v2\/media?parent=10855"}],"wp:term":[{"taxonomy":"category","embeddable":true,"href":"https:\/\/radiokissnoticias.com.ar\/web\/wp-json\/wp\/v2\/categories?post=10855"},{"taxonomy":"post_tag","embeddable":true,"href":"https:\/\/radiokissnoticias.com.ar\/web\/wp-json\/wp\/v2\/tags?post=10855"}],"curies":[{"name":"wp","href":"https:\/\/api.w.org\/{rel}","templated":true}]}}