{"id":10851,"date":"2026-07-29T20:47:52","date_gmt":"2026-07-29T23:47:52","guid":{"rendered":"https:\/\/radiokissnoticias.com.ar\/web\/?p=10851"},"modified":"2026-07-29T20:47:52","modified_gmt":"2026-07-29T23:47:52","slug":"se-estrello-en-san-juan-un-helicoptero-que-participaba-de-trabajos-contra-los-incendios-forestales-murieron-siete-personas","status":"publish","type":"post","link":"https:\/\/radiokissnoticias.com.ar\/web\/2026\/07\/29\/se-estrello-en-san-juan-un-helicoptero-que-participaba-de-trabajos-contra-los-incendios-forestales-murieron-siete-personas\/","title":{"rendered":"Se estrell\u00f3 en San Juan un helic\u00f3ptero que participaba de trabajos contra los incendios forestales: murieron siete personas"},"content":{"rendered":"<p>Lo confirm\u00f3 el gobernador Marcelo Orrego. La aeronave participaba de trabajos contra los incendios forestales y perdi\u00f3 el contacto a las 10:26 de esta ma\u00f1ana. Otro helic\u00f3ptero que pasaba por la zona vio el lugar de impacto y avis\u00f3 a las autoridades.<\/p>\n<p>Un helic\u00f3ptero Bell 412 contratado por la Agencia Federal de Emergencias (AFE) sufri\u00f3 un accidente este mi\u00e9rcoles en el Parque Provincial Ischigualasto, en la provincia de San Juan. Murieron siete personas.<\/p>\n<p>La noticia fue confirmada por el gobernador local, Marcelo Orrego, quien comunic\u00f3 el fallecimiento del director de Protecci\u00f3n Civil, Carlos Heredia; el subjefe de la Polic\u00eda de San Juan, Germ\u00e1n Videla; el jefe de Bomberos, Rub\u00e9n Castro; y su segundo, Jorge Carbajal. \u201cServidores p\u00fablicos que dedicaron su vida al cuidado de los sanjuaninos y con quienes he tenido el honor de trabajar codo a codo en diferentes situaciones\u201d, lament\u00f3 el mandatario provincial.<\/p>\n<p>A su vez, tambi\u00e9n perdieron la vida en el siniestro el piloto de la aeronave, Mat\u00edas Valenzuela, y los brigadistas de la Agencia Federal de Emergencias Andr\u00e9s Bosch y Rodrigo Aimetta.<\/p>\n<p>\u201cQuiero expresar mis m\u00e1s sinceras condolencias a las familias de todas las v\u00edctimas en este momento de inmenso dolor. Acompa\u00f1amos a cada uno de sus seres queridos. El Gobierno de San Juan se pone a disposici\u00f3n de las familias afectadas y trabaja junto a los organismos correspondientes para brindar toda la asistencia necesaria\u201d, finaliz\u00f3 Orrego.<\/p>\n<p>Tras lo sucedido, el Gobierno de San Juan decret\u00f3 3 d\u00edas de duelo provincial, instruyendo la bandera a media asta y el cese de actos festivos estatales.<\/p>\n<p>Lo que se sabe del accidente en San Juan<\/p>\n<p>Seg\u00fan comunicaron fuentes del Ministerio de Seguridad, el helic\u00f3ptero hab\u00eda sido contratado para brindar una capacitaci\u00f3n en San Juan, con destino final en la provincia de La Rioja, donde se propon\u00eda colaborar con tareas de control de un incendio forestal en la zona de Chilecito, cerca de la cordillera.<\/p>\n<p>Sin embargo, perdi\u00f3 contacto a las 10:26 y otra aeronave que se encontraba en la zona localiz\u00f3 el lugar de impacto, para luego dar aviso a las autoridades. Seg\u00fan explic\u00f3 a TN el intendente de la localidad de Valle F\u00e9rtil, Mario Riveros, el helic\u00f3ptero se encontraba en una zona de dif\u00edcil acceso y con presencia de bancos de neblina, que podr\u00edan haber obstruido la visibilidad.<\/p>\n<p>Tras el hallazgo del sitio del accidente, equipos de emergencia y personal de los organismos competentes fueron desplegados en el lugar para llevar adelante las tareas de acceso, asistencia y relevamiento, en coordinaci\u00f3n con las autoridades provinciales.<\/p>\n<p>\u201cLas causas del siniestro son materia de investigaci\u00f3n. La Agencia Federal de Emergencias permanece en contacto con las autoridades intervinientes y brindar\u00e1 informaci\u00f3n oficial a medida que se cuente con datos debidamente corroborados\u201d, informaron desde Naci\u00f3n.<\/p>\n","protected":false},"excerpt":{"rendered":"<p>Lo confirm\u00f3 el gobernador Marcelo Orrego. La aeronave participaba de trabajos contra los incendios forestales y perdi\u00f3 el contacto a las 10:26 de esta ma\u00f1ana. Otro helic\u00f3ptero que pasaba por la zona vio el lugar de impacto y avis\u00f3 a las autoridades. Un helic\u00f3ptero Bell 412 contratado por la Agencia Federal de Emergencias (AFE) sufri\u00f3 [&hellip;]<\/p>\n","protected":false},"author":2,"featured_media":10852,"comment_status":"open","ping_status":"open","sticky":false,"template":"","format":"standard","meta":{"footnotes":""},"categories":[82],"tags":[],"class_list":["post-10851","post","type-post","status-publish","format-standard","has-post-thumbnail","category-policiales"],"_links":{"self":[{"href":"https:\/\/radiokissnoticias.com.ar\/web\/wp-json\/wp\/v2\/posts\/10851","targetHints":{"allow":["GET"]}}],"collection":[{"href":"https:\/\/radiokissnoticias.com.ar\/web\/wp-json\/wp\/v2\/posts"}],"about":[{"href":"https:\/\/radiokissnoticias.com.ar\/web\/wp-json\/wp\/v2\/types\/post"}],"author":[{"embeddable":true,"href":"https:\/\/radiokissnoticias.com.ar\/web\/wp-json\/wp\/v2\/users\/2"}],"replies":[{"embeddable":true,"href":"https:\/\/radiokissnoticias.com.ar\/web\/wp-json\/wp\/v2\/comments?post=10851"}],"version-history":[{"count":2,"href":"https:\/\/radiokissnoticias.com.ar\/web\/wp-json\/wp\/v2\/posts\/10851\/revisions"}],"predecessor-version":[{"id":10854,"href":"https:\/\/radiokissnoticias.com.ar\/web\/wp-json\/wp\/v2\/posts\/10851\/revisions\/10854"}],"wp:featuredmedia":[{"embeddable":true,"href":"https:\/\/radiokissnoticias.com.ar\/web\/wp-json\/wp\/v2\/media\/10852"}],"wp:attachment":[{"href":"https:\/\/radiokissnoticias.com.ar\/web\/wp-json\/wp\/v2\/media?parent=10851"}],"wp:term":[{"taxonomy":"category","embeddable":true,"href":"https:\/\/radiokissnoticias.com.ar\/web\/wp-json\/wp\/v2\/categories?post=10851"},{"taxonomy":"post_tag","embeddable":true,"href":"https:\/\/radiokissnoticias.com.ar\/web\/wp-json\/wp\/v2\/tags?post=10851"}],"curies":[{"name":"wp","href":"https:\/\/api.w.org\/{rel}","templated":true}]}}