{"id":10845,"date":"2026-07-29T20:44:06","date_gmt":"2026-07-29T23:44:06","guid":{"rendered":"https:\/\/radiokissnoticias.com.ar\/web\/?p=10845"},"modified":"2026-07-29T20:44:06","modified_gmt":"2026-07-29T23:44:06","slug":"tras-el-paro-que-anuncio-ctera-la-cgt-activa-un-plan-de-lucha-nacional-en-el-sector-educativo","status":"publish","type":"post","link":"https:\/\/radiokissnoticias.com.ar\/web\/2026\/07\/29\/tras-el-paro-que-anuncio-ctera-la-cgt-activa-un-plan-de-lucha-nacional-en-el-sector-educativo\/","title":{"rendered":"Tras el paro que anunci\u00f3 CTERA, la CGT activa un plan de lucha nacional en el sector educativo"},"content":{"rendered":"<p>La central obrera convoc\u00f3 a una conferencia de prensa para el pr\u00f3ximo lunes en la sede de Azopardo. La convocatoria estar\u00e1 encabezada por la Secretar\u00eda de Pol\u00edticas Educativas junto a integrantes del Consejo Directivo Nacional de la CGT y las conducciones de los sindicatos docentes alineados en la central.<\/p>\n<p>La Confederaci\u00f3n General del Trabajo (CGT) anunci\u00f3 que lanzar\u00e1 un plan de lucha nacional impulsado por sus gremios docentes para ejecutarse durante todo agosto, luego de que el gremio mayoritario del sector, CTERA, que integra la CTA de los Trabajadores, lanzara un paro para el pr\u00f3ximo lunes.<\/p>\n<p>Ser\u00e1 una movida en protesta por el deterioro salarial del sector y la falta de inversi\u00f3n p\u00fablica en el sistema educativo.<\/p>\n<p>La medida ser\u00e1 formalizada el pr\u00f3ximo lunes a las 14 cuando se har\u00e1 una conferencia de prensa en la hist\u00f3rica sede cegetista de Azopardo 802, en la Ciudad Aut\u00f3noma de Buenos Aires.<\/p>\n<p>La convocatoria estar\u00e1 encabezada por la Secretar\u00eda de Pol\u00edticas Educativas junto a integrantes del Consejo Directivo Nacional de la CGT y las conducciones de los sindicatos docentes alineados en la central.<\/p>\n<p>En di\u00e1logo con medios de prensa, el dirigente sindical a cargo del \u00e1rea de Pol\u00edticas Educativas y secretario general de UDA Sergio Romero expres\u00f3: \u201cTomamos la decisi\u00f3n ante la crisis prolongada del sistema producto del abandono del Gobierno nacional\u201d.<\/p>\n<p>Y expres\u00f3 que el ministerio de Capital Humano, a cargo de la secretaria de Educaci\u00f3n, est\u00e1 compuesto por \u201cbuenas personas, escuchas\u201d pero subray\u00f3 que \u201cno resuelven los problemas que ata\u00f1en al futuro de todos los alumnos\u201d.<\/p>\n<p>Seg\u00fan advirtieron desde la central obrera a trav\u00e9s de un comunicado oficial, el sector atraviesa una &#8220;grave situaci\u00f3n&#8221; en materia salarial y presupuestaria. En ese marco, se\u00f1alaron que la desinversi\u00f3n en el \u00e1rea deriv\u00f3 en una &#8220;crisis que ubica a la Argentina entre los pa\u00edses con peores indicadores en materia educativa&#8221;.<\/p>\n<p>Durante el encuentro del lunes, la dirigencia sindical detallar\u00e1 las medidas de fuerza, movilizaciones y acciones de protesta que se desplegar\u00e1n a lo largo del mes en establecimientos educativos de todo el pa\u00eds. Vale destacar que la CGT decidi\u00f3 escalar distintas medidas de fuerza, en distintos planos, contra la administraci\u00f3n libertaria.<\/p>\n<p>Sin puntos de contacto luego de la sanci\u00f3n de la Reforma Laboral en febrero, la calle Azopardo apuesta a protestas escalonadas para poner en agenda la &#8220;falta de respuestas y los problemas que posee la clase trabajadora&#8221;.<\/p>\n","protected":false},"excerpt":{"rendered":"<p>La central obrera convoc\u00f3 a una conferencia de prensa para el pr\u00f3ximo lunes en la sede de Azopardo. La convocatoria estar\u00e1 encabezada por la Secretar\u00eda de Pol\u00edticas Educativas junto a integrantes del Consejo Directivo Nacional de la CGT y las conducciones de los sindicatos docentes alineados en la central. La Confederaci\u00f3n General del Trabajo (CGT) [&hellip;]<\/p>\n","protected":false},"author":2,"featured_media":10846,"comment_status":"open","ping_status":"open","sticky":false,"template":"","format":"standard","meta":{"footnotes":""},"categories":[78],"tags":[],"class_list":["post-10845","post","type-post","status-publish","format-standard","has-post-thumbnail","category-nacional"],"_links":{"self":[{"href":"https:\/\/radiokissnoticias.com.ar\/web\/wp-json\/wp\/v2\/posts\/10845","targetHints":{"allow":["GET"]}}],"collection":[{"href":"https:\/\/radiokissnoticias.com.ar\/web\/wp-json\/wp\/v2\/posts"}],"about":[{"href":"https:\/\/radiokissnoticias.com.ar\/web\/wp-json\/wp\/v2\/types\/post"}],"author":[{"embeddable":true,"href":"https:\/\/radiokissnoticias.com.ar\/web\/wp-json\/wp\/v2\/users\/2"}],"replies":[{"embeddable":true,"href":"https:\/\/radiokissnoticias.com.ar\/web\/wp-json\/wp\/v2\/comments?post=10845"}],"version-history":[{"count":1,"href":"https:\/\/radiokissnoticias.com.ar\/web\/wp-json\/wp\/v2\/posts\/10845\/revisions"}],"predecessor-version":[{"id":10847,"href":"https:\/\/radiokissnoticias.com.ar\/web\/wp-json\/wp\/v2\/posts\/10845\/revisions\/10847"}],"wp:featuredmedia":[{"embeddable":true,"href":"https:\/\/radiokissnoticias.com.ar\/web\/wp-json\/wp\/v2\/media\/10846"}],"wp:attachment":[{"href":"https:\/\/radiokissnoticias.com.ar\/web\/wp-json\/wp\/v2\/media?parent=10845"}],"wp:term":[{"taxonomy":"category","embeddable":true,"href":"https:\/\/radiokissnoticias.com.ar\/web\/wp-json\/wp\/v2\/categories?post=10845"},{"taxonomy":"post_tag","embeddable":true,"href":"https:\/\/radiokissnoticias.com.ar\/web\/wp-json\/wp\/v2\/tags?post=10845"}],"curies":[{"name":"wp","href":"https:\/\/api.w.org\/{rel}","templated":true}]}}