{"id":10842,"date":"2026-07-29T20:42:09","date_gmt":"2026-07-29T23:42:09","guid":{"rendered":"https:\/\/radiokissnoticias.com.ar\/web\/?p=10842"},"modified":"2026-07-29T20:42:09","modified_gmt":"2026-07-29T23:42:09","slug":"goya-liquida-carnaval-ya-esta-en-marcha","status":"publish","type":"post","link":"https:\/\/radiokissnoticias.com.ar\/web\/2026\/07\/29\/goya-liquida-carnaval-ya-esta-en-marcha\/","title":{"rendered":"Goya l\u00edquida carnaval ya est\u00e1 en marcha"},"content":{"rendered":"<p>El carnaval no solo se vive en la alfombra blanca del Cors\u00f3dromo: tambi\u00e9n se construye d\u00eda a d\u00eda en talleres, comercios y emprendimientos que sostienen esta gran fiesta durante todo el a\u00f1o. En ese marco, del 1 al 8 de agosto se desarrollar\u00e1 &#8220;Goya L\u00edquida Carnaval&#8221;, una iniciativa organizada por la Secretar\u00eda de Industria y Comercio de la Municipalidad junto a las comparsas locales, con el objetivo de dar visibilidad a todos los actores que forman parte de la industria carnavalera.<\/p>\n<p><img loading=\"lazy\" decoding=\"async\" class=\"\" src=\"https:\/\/www.powernoticias.com\/images\/202607292013281102\" width=\"538\" height=\"538\" \/><\/p>\n<p>Se trata de una edici\u00f3n tem\u00e1tica del programa Goya L\u00edquida, pensada especialmente para acompa\u00f1ar el inicio de la temporada de carnaval y potenciar la actividad comercial vinculada a esta celebraci\u00f3n tan representativa de la ciudad.<\/p>\n<p>Durante esa semana, el programa reunir\u00e1 en un mismo espacio a comparseros, talleristas, mercer\u00edas, comercios de telas, negocios de sublimaci\u00f3n y casas de insumos para carnaval, entre otros, con el fin de promocionar productos, servicios, eventos e inscripciones.<\/p>\n<p>La propuesta est\u00e1 dirigida a un amplio abanico de rubros y oficios que integran el universo del carnaval, como confecci\u00f3n de trajes y estructuras, venta de telas, mercer\u00eda e insumos, ferreter\u00edas, zapater\u00edas, maquillaje y peluquer\u00eda, soldadura y estructuras met\u00e1licas, sublimaci\u00f3n, estampados y personalizaci\u00f3n, adem\u00e1s de comparsas y comparseros. Tambi\u00e9n podr\u00e1n participar quienes comercialicen trajes, plumas, estructuras y materiales, tanto nuevos como usados.<\/p>\n<p>Entre las acciones que se podr\u00e1n promocionar se encuentran las inscripciones para comparsas y escuelas de samba, eventos y convocatorias, talleres de confecci\u00f3n de trajes, tocados y accesorios, servicios de dise\u00f1o y realizaci\u00f3n de vestuario, as\u00ed como promociones en insumos como pedrer\u00eda, lentejuelas, pegamentos y pinturas. Asimismo, se incluyen servicios de bordado, estampado y personalizaci\u00f3n, venta y alquiler de vestuario, y la posibilidad de que comparseros ofrezcan materiales para su reutilizaci\u00f3n.<\/p>\n<p>Los objetivos del programa son claros: impulsar el comercio local vinculado al carnaval, dar visibilidad a emprendedores, artesanos y comerciantes del rubro, generar oportunidades de compra, venta e intercambio dentro de la comunidad carnavalera, facilitar el acceso a insumos y servicios en un solo lugar y fortalecer la identidad cultural de Goya, promoviendo el crecimiento del carnaval como motor de desarrollo econ\u00f3mico.<\/p>\n<p>&#8220;Goya L\u00edquida Carnaval&#8221; tambi\u00e9n se presenta como un espacio de encuentro para toda la comunidad carnavalera, donde ser\u00e1 posible comprar, vender, ofrecer servicios, promocionar actividades e inscripciones y, al mismo tiempo, fomentar la econom\u00eda circular mediante la reutilizaci\u00f3n de materiales.<\/p>\n<p>Podr\u00e1n participar comparsas, comparseros, talleristas, comercios de telas y mercer\u00edas, negocios de sublimaci\u00f3n y personalizaci\u00f3n, emprendedores, artesanos, herreros, zapateros, modistas, ferreter\u00edas, peluqueras, maquilladoras, esteticistas, as\u00ed como profesionales de la fotograf\u00eda y el video, y personas que deseen vender insumos y accesorios nuevos o usados.<\/p>\n<p>Para sumarse a la iniciativa, los interesados deber\u00e1n etiquetar a @goyaliquida en sus historias de Instagram e invitar a colaborar a @goyaliquida en sus publicaciones en el feed.<\/p>\n<p>https:\/\/www.instagram.com\/p\/DbYdzmFFXJ6\/?igsh=ZnIwcHQ3bHdnOGY2<\/p>\n<p>Por consultas o mayor informaci\u00f3n, se puede acudir a la Secretar\u00eda de Industria y Comercio, ubicada en Jos\u00e9 G\u00f3mez 1651, comunicarse al 3777-821010 o a trav\u00e9s de las redes sociales @sec.industriaycomerciogoya y @goyaliquida.<\/p>\n<p>Del 1 al 8 de agosto, Goya L\u00edquida Carnaval invita a toda la comunidad a ser parte de una propuesta que pone en valor el trabajo, la creatividad y la pasi\u00f3n que hacen posible el carnaval goyano.<\/p>\n<p>Direcci\u00f3n de Prensa \u2013 Municipalidad de Goya.<\/p>\n","protected":false},"excerpt":{"rendered":"<p>El carnaval no solo se vive en la alfombra blanca del Cors\u00f3dromo: tambi\u00e9n se construye d\u00eda a d\u00eda en talleres, comercios y emprendimientos que sostienen esta gran fiesta durante todo el a\u00f1o. En ese marco, del 1 al 8 de agosto se desarrollar\u00e1 &#8220;Goya L\u00edquida Carnaval&#8221;, una iniciativa organizada por la Secretar\u00eda de Industria y [&hellip;]<\/p>\n","protected":false},"author":2,"featured_media":10843,"comment_status":"open","ping_status":"open","sticky":false,"template":"","format":"standard","meta":{"footnotes":""},"categories":[77],"tags":[],"class_list":["post-10842","post","type-post","status-publish","format-standard","has-post-thumbnail","category-local"],"_links":{"self":[{"href":"https:\/\/radiokissnoticias.com.ar\/web\/wp-json\/wp\/v2\/posts\/10842","targetHints":{"allow":["GET"]}}],"collection":[{"href":"https:\/\/radiokissnoticias.com.ar\/web\/wp-json\/wp\/v2\/posts"}],"about":[{"href":"https:\/\/radiokissnoticias.com.ar\/web\/wp-json\/wp\/v2\/types\/post"}],"author":[{"embeddable":true,"href":"https:\/\/radiokissnoticias.com.ar\/web\/wp-json\/wp\/v2\/users\/2"}],"replies":[{"embeddable":true,"href":"https:\/\/radiokissnoticias.com.ar\/web\/wp-json\/wp\/v2\/comments?post=10842"}],"version-history":[{"count":1,"href":"https:\/\/radiokissnoticias.com.ar\/web\/wp-json\/wp\/v2\/posts\/10842\/revisions"}],"predecessor-version":[{"id":10844,"href":"https:\/\/radiokissnoticias.com.ar\/web\/wp-json\/wp\/v2\/posts\/10842\/revisions\/10844"}],"wp:featuredmedia":[{"embeddable":true,"href":"https:\/\/radiokissnoticias.com.ar\/web\/wp-json\/wp\/v2\/media\/10843"}],"wp:attachment":[{"href":"https:\/\/radiokissnoticias.com.ar\/web\/wp-json\/wp\/v2\/media?parent=10842"}],"wp:term":[{"taxonomy":"category","embeddable":true,"href":"https:\/\/radiokissnoticias.com.ar\/web\/wp-json\/wp\/v2\/categories?post=10842"},{"taxonomy":"post_tag","embeddable":true,"href":"https:\/\/radiokissnoticias.com.ar\/web\/wp-json\/wp\/v2\/tags?post=10842"}],"curies":[{"name":"wp","href":"https:\/\/api.w.org\/{rel}","templated":true}]}}