{"id":10829,"date":"2026-07-29T20:23:59","date_gmt":"2026-07-29T23:23:59","guid":{"rendered":"https:\/\/radiokissnoticias.com.ar\/web\/?p=10829"},"modified":"2026-07-29T20:23:59","modified_gmt":"2026-07-29T23:23:59","slug":"el-municipio-ordena-el-sector-carnico-rural-y-se-prepara-para-enfrentar-ante-la-posible-llegada-del-fenomeno-el-nino","status":"publish","type":"post","link":"https:\/\/radiokissnoticias.com.ar\/web\/2026\/07\/29\/el-municipio-ordena-el-sector-carnico-rural-y-se-prepara-para-enfrentar-ante-la-posible-llegada-del-fenomeno-el-nino\/","title":{"rendered":"El municipio ordena el sector c\u00e1rnico rural y se prepara para enfrentar ante la posible llegada del fen\u00f3meno &#8220;el ni\u00f1o&#8221;"},"content":{"rendered":"<p>El secretario de Producci\u00f3n, Valerio Ram\u00edrez, anunci\u00f3 que el 15 de agosto vence el plazo para que los comercios de carne en zonas rurales se inscriban en el sistema formal.<\/p>\n<p>En el marco de un plan de ordenamiento impulsado por la gesti\u00f3n municipal de Goya, el secretario de Producci\u00f3n, Valerio &#8220;Tito&#8221; Ram\u00edrez, detall\u00f3 las acciones que se est\u00e1n llevando adelante para regularizar la situaci\u00f3n de las carnicer\u00edas rurales y la conformaci\u00f3n del Comit\u00e9 de Operaciones de Emergencia (COE) ante la inminente llegada del fen\u00f3meno meteorol\u00f3gico &#8220;El Ni\u00f1o&#8221;.<\/p>\n<p><b>PLAZO L\u00cdMITE PARA LA FORMALIZACI\u00d3N C\u00c1RNICA<\/b><\/p>\n<p>Bajo el amparo de la Ley Federal de Carnes, el municipio busca formalizar el comercio c\u00e1rnico en el \u00e1mbito rural para garantizar la sanidad de los productos y combatir el abigeato.<\/p>\n<p>Ram\u00edrez confirm\u00f3 que el plazo m\u00e1ximo para realizar los tr\u00e1mites de inscripci\u00f3n es el 15 de agosto.<\/p>\n<p>A partir de esa fecha, los carniceros ya no podr\u00e1n realizar faenas en sus propios establecimientos ni en campos particulares, pr\u00e1ctica que anteriormente sol\u00eda ser autorizada por el PRIAR bajo la figura de &#8220;autoconsumo&#8221;.<\/p>\n<p>En su lugar, deber\u00e1n utilizar las instalaciones del Frigor\u00edfico Multiespecie de Goya, el cual cuenta con el \u00e1mbito propicio para asegurar la calidad del producto final para el consumidor.<\/p>\n<p>De acuerdo a la Ley Federal de Carnes se establece que, &#8220;Todo tiene que entrar al sistema&#8221;, enfatiz\u00f3 Ram\u00edrez, aclarando que el tr\u00e1mite para obtener la matr\u00edcula es online y totalmente gratuito.<\/p>\n<p>Para facilitar este proceso, la Secretar\u00eda de Producci\u00f3n trabaja de forma articulada con las carteras de Bromatolog\u00eda, Industria y Comercio, adem\u00e1s del acompa\u00f1amiento del INTI a trav\u00e9s de Iv\u00e1n Churrar\u00edn.<\/p>\n<p>Los interesados pueden iniciar sus consultas en la Secretar\u00eda ubicada en la calle Sargento Cabral.<\/p>\n<p><b>EMERGENCIA Y ASISTENCIA RURAL<br \/>\n<\/b><br \/>\nEn otro orden de temas, el secretario se refiri\u00f3 a la integraci\u00f3n de su \u00e1rea en la comisi\u00f3n de &#8220;ayuda inmediata&#8221; dentro del COE, un programa dise\u00f1ado para mitigar los posibles efectos de &#8220;El Ni\u00f1o&#8221;.<\/p>\n<p>El foco principal est\u00e1 puesto en la zona rural, donde la log\u00edstica se vuelve cr\u00edtica debido a que diversos parajes suelen quedar totalmente aislados por las grandes lluvias.<\/p>\n<p>Valerio Ram\u00edrez se\u00f1al\u00f3 que ya cuentan con la experiencia de a\u00f1os anteriores para identificar las zonas de mayor riesgo.<\/p>\n<p>&#8220;Tenemos anticipaci\u00f3n para prepararnos y coordinar la tarea&#8221;, explic\u00f3, destacando que se trabajar\u00e1 en conjunto con el \u00e1rea social del IPT para optimizar recursos y que toda la informaci\u00f3n se centralizar\u00e1 a trav\u00e9s de Prensa y Comunicaci\u00f3n Digital 4.0 para evitar la desinformaci\u00f3n.<\/p>\n<p>Finalmente, el funcionario inst\u00f3 a los productores a tomar recaudos preventivos, advirtiendo que el plan de acci\u00f3n contempla identificar con antelaci\u00f3n a las familias que deban ser evacuadas y establecer los lugares adecuados para su atenci\u00f3n.<\/p>\n<p>Direcci\u00f3n de Prensa \u2013 Municipalidad de Goya.<\/p>\n","protected":false},"excerpt":{"rendered":"<p>El secretario de Producci\u00f3n, Valerio Ram\u00edrez, anunci\u00f3 que el 15 de agosto vence el plazo para que los comercios de carne en zonas rurales se inscriban en el sistema formal. En el marco de un plan de ordenamiento impulsado por la gesti\u00f3n municipal de Goya, el secretario de Producci\u00f3n, Valerio &#8220;Tito&#8221; Ram\u00edrez, detall\u00f3 las acciones [&hellip;]<\/p>\n","protected":false},"author":2,"featured_media":10830,"comment_status":"open","ping_status":"open","sticky":false,"template":"","format":"standard","meta":{"footnotes":""},"categories":[77],"tags":[],"class_list":["post-10829","post","type-post","status-publish","format-standard","has-post-thumbnail","category-local"],"_links":{"self":[{"href":"https:\/\/radiokissnoticias.com.ar\/web\/wp-json\/wp\/v2\/posts\/10829","targetHints":{"allow":["GET"]}}],"collection":[{"href":"https:\/\/radiokissnoticias.com.ar\/web\/wp-json\/wp\/v2\/posts"}],"about":[{"href":"https:\/\/radiokissnoticias.com.ar\/web\/wp-json\/wp\/v2\/types\/post"}],"author":[{"embeddable":true,"href":"https:\/\/radiokissnoticias.com.ar\/web\/wp-json\/wp\/v2\/users\/2"}],"replies":[{"embeddable":true,"href":"https:\/\/radiokissnoticias.com.ar\/web\/wp-json\/wp\/v2\/comments?post=10829"}],"version-history":[{"count":1,"href":"https:\/\/radiokissnoticias.com.ar\/web\/wp-json\/wp\/v2\/posts\/10829\/revisions"}],"predecessor-version":[{"id":10831,"href":"https:\/\/radiokissnoticias.com.ar\/web\/wp-json\/wp\/v2\/posts\/10829\/revisions\/10831"}],"wp:featuredmedia":[{"embeddable":true,"href":"https:\/\/radiokissnoticias.com.ar\/web\/wp-json\/wp\/v2\/media\/10830"}],"wp:attachment":[{"href":"https:\/\/radiokissnoticias.com.ar\/web\/wp-json\/wp\/v2\/media?parent=10829"}],"wp:term":[{"taxonomy":"category","embeddable":true,"href":"https:\/\/radiokissnoticias.com.ar\/web\/wp-json\/wp\/v2\/categories?post=10829"},{"taxonomy":"post_tag","embeddable":true,"href":"https:\/\/radiokissnoticias.com.ar\/web\/wp-json\/wp\/v2\/tags?post=10829"}],"curies":[{"name":"wp","href":"https:\/\/api.w.org\/{rel}","templated":true}]}}