{"id":10823,"date":"2026-07-29T12:57:08","date_gmt":"2026-07-29T15:57:08","guid":{"rendered":"https:\/\/radiokissnoticias.com.ar\/web\/?p=10823"},"modified":"2026-07-29T12:57:08","modified_gmt":"2026-07-29T15:57:08","slug":"paso-de-la-patria-avanza-en-la-implementacion-del-sello-correntino-de-calidad-turistica-con-la-primera-asistencia-tecnica-presencial","status":"publish","type":"post","link":"https:\/\/radiokissnoticias.com.ar\/web\/2026\/07\/29\/paso-de-la-patria-avanza-en-la-implementacion-del-sello-correntino-de-calidad-turistica-con-la-primera-asistencia-tecnica-presencial\/","title":{"rendered":"Paso de la Patria avanza en la implementaci\u00f3n del Sello Correntino de Calidad Tur\u00edstica con la primera asistencia t\u00e9cnica presencial"},"content":{"rendered":"<p>En el marco del Programa Sello Correntino de Calidad Tur\u00edstica, se llev\u00f3 a cabo la primera asistencia t\u00e9cnica presencial en la localidad de Paso de la Patria, destinada a establecimientos de la modalidad Alojamiento.<\/p>\n<div id=\"modalFulltext\">La actividad, organizada de manera conjunta por el Ministerio de Turismo de la Provincia de Corrientes y el Instituto de Turismo y Cultura de Paso de la Patria, se desarroll\u00f3 en las instalaciones de la Direcci\u00f3n de Turismo local y tuvo como objetivo acompa\u00f1ar a los prestadores en el proceso de implementaci\u00f3n de los est\u00e1ndares de calidad establecidos por el programa provincial.<\/p>\n<p>Durante la jornada, el equipo t\u00e9cnico brind\u00f3 asesoramiento personalizado, trabaj\u00f3 junto a los participantes en la evaluaci\u00f3n de los requisitos, respondi\u00f3 consultas y planific\u00f3 las acciones necesarias para avanzar en la obtenci\u00f3n del Sello Correntino de Calidad Tur\u00edstica.<\/p>\n<p>Este programa busca promover la mejora continua de los servicios tur\u00edsticos, fortaleciendo la calidad de las prestaciones, la competitividad de los destinos correntinos y el compromiso conjunto entre el sector p\u00fablico y los prestadores tur\u00edsticos para ofrecer experiencias cada vez m\u00e1s satisfactorias a quienes visitan la provincia.<\/p><\/div>\n<div>\n<div id=\"117986-4\"><\/div>\n<\/div>\n","protected":false},"excerpt":{"rendered":"<p>En el marco del Programa Sello Correntino de Calidad Tur\u00edstica, se llev\u00f3 a cabo la primera asistencia t\u00e9cnica presencial en la localidad de Paso de la Patria, destinada a establecimientos de la modalidad Alojamiento. La actividad, organizada de manera conjunta por el Ministerio de Turismo de la Provincia de Corrientes y el Instituto de Turismo [&hellip;]<\/p>\n","protected":false},"author":2,"featured_media":10824,"comment_status":"open","ping_status":"open","sticky":false,"template":"","format":"standard","meta":{"footnotes":""},"categories":[79],"tags":[],"class_list":["post-10823","post","type-post","status-publish","format-standard","has-post-thumbnail","category-provincia"],"_links":{"self":[{"href":"https:\/\/radiokissnoticias.com.ar\/web\/wp-json\/wp\/v2\/posts\/10823","targetHints":{"allow":["GET"]}}],"collection":[{"href":"https:\/\/radiokissnoticias.com.ar\/web\/wp-json\/wp\/v2\/posts"}],"about":[{"href":"https:\/\/radiokissnoticias.com.ar\/web\/wp-json\/wp\/v2\/types\/post"}],"author":[{"embeddable":true,"href":"https:\/\/radiokissnoticias.com.ar\/web\/wp-json\/wp\/v2\/users\/2"}],"replies":[{"embeddable":true,"href":"https:\/\/radiokissnoticias.com.ar\/web\/wp-json\/wp\/v2\/comments?post=10823"}],"version-history":[{"count":1,"href":"https:\/\/radiokissnoticias.com.ar\/web\/wp-json\/wp\/v2\/posts\/10823\/revisions"}],"predecessor-version":[{"id":10825,"href":"https:\/\/radiokissnoticias.com.ar\/web\/wp-json\/wp\/v2\/posts\/10823\/revisions\/10825"}],"wp:featuredmedia":[{"embeddable":true,"href":"https:\/\/radiokissnoticias.com.ar\/web\/wp-json\/wp\/v2\/media\/10824"}],"wp:attachment":[{"href":"https:\/\/radiokissnoticias.com.ar\/web\/wp-json\/wp\/v2\/media?parent=10823"}],"wp:term":[{"taxonomy":"category","embeddable":true,"href":"https:\/\/radiokissnoticias.com.ar\/web\/wp-json\/wp\/v2\/categories?post=10823"},{"taxonomy":"post_tag","embeddable":true,"href":"https:\/\/radiokissnoticias.com.ar\/web\/wp-json\/wp\/v2\/tags?post=10823"}],"curies":[{"name":"wp","href":"https:\/\/api.w.org\/{rel}","templated":true}]}}