{"id":10819,"date":"2026-07-29T12:54:28","date_gmt":"2026-07-29T15:54:28","guid":{"rendered":"https:\/\/radiokissnoticias.com.ar\/web\/?p=10819"},"modified":"2026-07-29T12:54:28","modified_gmt":"2026-07-29T15:54:28","slug":"inician-las-primeras-evacuaciones-en-paso-de-los-libres-por-la-crecida-del-rio","status":"publish","type":"post","link":"https:\/\/radiokissnoticias.com.ar\/web\/2026\/07\/29\/inician-las-primeras-evacuaciones-en-paso-de-los-libres-por-la-crecida-del-rio\/","title":{"rendered":"Inician las primeras evacuaciones en Paso de los Libres por la crecida del r\u00edo"},"content":{"rendered":"<p>El \u00faltimo registr\u00f3 marc\u00f3 una altura de 8,49 metros en el puerto local con un ritmo de ascenso de un cent\u00edmetro por hora.<\/p>\n<p>La crecida del r\u00edo Uruguay provoc\u00f3 las primeras evacuaciones preventivas en Paso de los Libres durante este mi\u00e9rcoles, por lo que se traslad\u00f3 a 23 personas, grupo compuesto por 10 adultos y 13 menores.<\/p>\n<p>Las familias afectadas, pertenecientes principalmente al asentamiento del arroyo Yatay, fueron alojadas en el Centro de Evacuados del ex Regimiento N.\u00ba 5.<\/p>\n<p>El \u00faltimo reporte, del martes por la noche, registr\u00f3 una altura de 8,49 metros en puerto local y un ritmo de ascenso de un cent\u00edmetro por hora. Las \u00e1reas operativas del Municipio mantienen el monitoreo constante ante la posibilidad de nuevos traslados.<\/p>\n<p>Operativo de traslado y asistencia integral<\/p>\n<p>Personal municipal y de fuerzas de seguridad desplegaron tareas de evacuaci\u00f3n en el sector de las calles 25 de Mayo y Pellegrini.<\/p>\n<p>Hasta el momento se registra un total de 23 vecinos evacuados 10 mayores y 13 menores de edad, los cuales ya reciben alojamiento, alimentaci\u00f3n, atenci\u00f3n m\u00e9dica y contenci\u00f3n en las instalaciones del ex Regimiento N.\u00ba 5.<\/p>\n<p>Adem\u00e1s, se realiza un trabajo articulado entre Defensa Civil, Acci\u00f3n Social y el Corral\u00f3n Municipal, que coordinan la log\u00edstica de transporte y resguardo de bienes.<\/p>\n<p>El r\u00edo sigue en creciente y habilitan l\u00ednea de emergencia<\/p>\n<p>El monitoreo marca que el nivel del r\u00edo crece a raz\u00f3n de un cent\u00edmetro por hora, manteniendo en alerta a todos los barrios ribere\u00f1os.<\/p>\n<p>Con una tendencia ascendente, el registro oficial alcanz\u00f3 los 8,49 metros, por lo cual se mantiene un monitoreo permanente y se refuerzan las recorridas preventivas por \u00e1reas vulnerables para actuar con rapidez ante nuevos avances del agua.<\/p>\n<p>Por otro lado, Defensa Civil habilit\u00f3 una l\u00ednea de contacto ante cualquier eventualidad o solicitud de asistencia: 3772-44-7708.<\/p>\n","protected":false},"excerpt":{"rendered":"<p>El \u00faltimo registr\u00f3 marc\u00f3 una altura de 8,49 metros en el puerto local con un ritmo de ascenso de un cent\u00edmetro por hora. La crecida del r\u00edo Uruguay provoc\u00f3 las primeras evacuaciones preventivas en Paso de los Libres durante este mi\u00e9rcoles, por lo que se traslad\u00f3 a 23 personas, grupo compuesto por 10 adultos y [&hellip;]<\/p>\n","protected":false},"author":2,"featured_media":10820,"comment_status":"open","ping_status":"open","sticky":false,"template":"","format":"standard","meta":{"footnotes":""},"categories":[79],"tags":[],"class_list":["post-10819","post","type-post","status-publish","format-standard","has-post-thumbnail","category-provincia"],"_links":{"self":[{"href":"https:\/\/radiokissnoticias.com.ar\/web\/wp-json\/wp\/v2\/posts\/10819","targetHints":{"allow":["GET"]}}],"collection":[{"href":"https:\/\/radiokissnoticias.com.ar\/web\/wp-json\/wp\/v2\/posts"}],"about":[{"href":"https:\/\/radiokissnoticias.com.ar\/web\/wp-json\/wp\/v2\/types\/post"}],"author":[{"embeddable":true,"href":"https:\/\/radiokissnoticias.com.ar\/web\/wp-json\/wp\/v2\/users\/2"}],"replies":[{"embeddable":true,"href":"https:\/\/radiokissnoticias.com.ar\/web\/wp-json\/wp\/v2\/comments?post=10819"}],"version-history":[{"count":2,"href":"https:\/\/radiokissnoticias.com.ar\/web\/wp-json\/wp\/v2\/posts\/10819\/revisions"}],"predecessor-version":[{"id":10822,"href":"https:\/\/radiokissnoticias.com.ar\/web\/wp-json\/wp\/v2\/posts\/10819\/revisions\/10822"}],"wp:featuredmedia":[{"embeddable":true,"href":"https:\/\/radiokissnoticias.com.ar\/web\/wp-json\/wp\/v2\/media\/10820"}],"wp:attachment":[{"href":"https:\/\/radiokissnoticias.com.ar\/web\/wp-json\/wp\/v2\/media?parent=10819"}],"wp:term":[{"taxonomy":"category","embeddable":true,"href":"https:\/\/radiokissnoticias.com.ar\/web\/wp-json\/wp\/v2\/categories?post=10819"},{"taxonomy":"post_tag","embeddable":true,"href":"https:\/\/radiokissnoticias.com.ar\/web\/wp-json\/wp\/v2\/tags?post=10819"}],"curies":[{"name":"wp","href":"https:\/\/api.w.org\/{rel}","templated":true}]}}