{"id":10816,"date":"2026-07-29T12:52:10","date_gmt":"2026-07-29T15:52:10","guid":{"rendered":"https:\/\/radiokissnoticias.com.ar\/web\/?p=10816"},"modified":"2026-07-29T12:52:10","modified_gmt":"2026-07-29T15:52:10","slug":"monsenor-canecin-evitemos-la-tentacion-de-convertirnos-en-francotiradores-pastorales","status":"publish","type":"post","link":"https:\/\/radiokissnoticias.com.ar\/web\/2026\/07\/29\/monsenor-canecin-evitemos-la-tentacion-de-convertirnos-en-francotiradores-pastorales\/","title":{"rendered":"Monse\u00f1or Canec\u00edn: &#8220;Evitemos la tentaci\u00f3n de convertirnos en francotiradores pastorales&#8221;"},"content":{"rendered":"<p>Con el lema &#8220;Permanezcan&#8221;, el di\u00e1cono Guillermo Josu\u00e9 Ca\u00f1ete recibi\u00f3 la ordenaci\u00f3n sacerdotal por la imposici\u00f3n de manos del obispo de Goya, monse\u00f1or Adolfo Ram\u00f3n Canec\u00edn, durante una solemne celebraci\u00f3n eucar\u00edstica realizada en el santuario Santa Rita de Casia de la ciudad de Esquina.<\/p>\n<p><img loading=\"lazy\" decoding=\"async\" class=\"\" src=\"https:\/\/www.powernoticias.com\/images\/202607291451295108\" width=\"580\" height=\"388\" \/><\/p>\n<p><img loading=\"lazy\" decoding=\"async\" class=\"\" src=\"https:\/\/www.powernoticias.com\/images\/202607291451191628\" width=\"573\" height=\"384\" \/><\/p>\n<p>La misa fue concelebrada por el obispo em\u00e9rito de Goya, monse\u00f1or Ricardo Oscar Faifer, junto a una numerosa participaci\u00f3n de sacerdotes del clero diocesano y religioso.<\/p>\n<p>Tambi\u00e9n acompa\u00f1aron familiares, amigos y fieles provenientes de distintas comunidades de la di\u00f3cesis, especialmente de la ciudad de Goya, que se unieron en acci\u00f3n de gracias por el nacimiento de un nuevo presb\u00edtero para la Iglesia diocesana.<\/p>\n<p><b>HOMIL\u00cdA<br \/>\n<\/b><br \/>\nAl comenzar su homil\u00eda, monse\u00f1or Canec\u00edn record\u00f3 que ese mismo d\u00eda se cumpl\u00eda un nuevo aniversario del fallecimiento del obispo Alberto Devoto y de los catequistas Mary y Tino, ocurrido en 1984.<\/p>\n<p>&#8220;Cayeron como grano de buen trigo sembrado en esta tierra, haci\u00e9ndola fecunda y floreciendo en abundantes frutos que hoy seguimos cosechando&#8221;, expres\u00f3, invitando a la asamblea a vivir una memoria agradecida y exclamando: &#8220;\u00a1Viva el Padre Obispo Alberto! \u00a1Vivan Mary y Tino!&#8221;.<\/p>\n<p>&#8220;Toda vocaci\u00f3n nace de un llamado que tiene su origen desde la eternidad en el coraz\u00f3n del Padre Dios&#8221; y encuentra respuesta en la libertad de quien, despu\u00e9s de un camino de discernimiento, pronuncia un generoso Aqu\u00ed estoy&#8221;.<\/p>\n<p>En ese marco afirm\u00f3 que la experiencia del llamado y la respuesta &#8220;es natural y Dios quiere que acontezca en cada ser humano, porque tiene un sue\u00f1o y un proyecto \u00fanico para cada uno&#8221;.<\/p>\n<p>Monse\u00f1or Canec\u00edn convoc\u00f3 a toda la di\u00f3cesis a seguir trabajando intensamente en la construcci\u00f3n de una aut\u00e9ntica cultura vocacional, capaz de despertar la escucha de la voz del Se\u00f1or, favorecer el discernimiento espiritual y ayudar a responder con libertad, valent\u00eda y decisi\u00f3n.<\/p>\n<p>Record\u00f3 que la oraci\u00f3n diocesana por los 60 a\u00f1os de la di\u00f3cesis pide insistentemente &#8220;conc\u00e9denos una primavera vocacional&#8221; y se\u00f1al\u00f3 que la ordenaci\u00f3n de Josu\u00e9 constituye una respuesta concreta del Se\u00f1or a esa s\u00faplica.<\/p>\n<p>Valor\u00f3 el florecimiento de nuevas vocaciones sacerdotales y religiosas en la Iglesia diocesana, mencionando a los seminaristas que actualmente se forman en el Seminario Interdiocesano La Encarnaci\u00f3n, a j\u00f3venes que han abrazado la vida religiosa y a otros que contin\u00faan discerniendo su llamado, como signos de una Iglesia que sigue dando frutos.<\/p>\n<p>Refiri\u00e9ndose al lema elegido por el nuevo sacerdote, &#8220;Permanezcan&#8221;, tomado del Evangelio seg\u00fan san Juan, el obispo explic\u00f3 que esa palabra aparece repetidamente en el cuarto Evangelio y resume el modo de vivir la comuni\u00f3n con Cristo.<\/p>\n<p>&#8220;En este cambio cultural y de \u00e9poca, donde todo parece tan relativo y pasajero, es necesario destacar, creer y gritar: \u00a1Permanezcan!&#8221;, exhort\u00f3.<\/p>\n<p>&#8220;Por la ordenaci\u00f3n sacramental entramos a formar parte de un cuerpo cuyo modelo y estilo es la colegialidad. Permanezcamos unidos con los dem\u00e1s. Este es el modo natural y evang\u00e9lico de nuestra consagraci\u00f3n&#8221;, afirm\u00f3.<\/p>\n<p>Advirti\u00f3, &#8220;evitemos con decisi\u00f3n la tentaci\u00f3n de separarnos y actuar como francotiradores pastorales, porque, como la rama que se separa de la vid, corre el riesgo de secarse&#8221;, expres\u00f3.<\/p>\n<p>Durante el rito de la ordenaci\u00f3n, el di\u00e1cono Hugo Florent\u00edn llam\u00f3 por su nombre al candidato, quien respondi\u00f3 con un decidido &#8220;Aqu\u00ed estoy&#8221;.<\/p>\n<p>Luego, el presb\u00edtero Pedro Pablo Ojeda, en nombre de la Iglesia, solicit\u00f3 al obispo que lo ordenara sacerdote. Tras la imposici\u00f3n de manos y la oraci\u00f3n consacratoria, el nuevo presb\u00edtero fue revestido con la estola y la casulla por el padre Alfredo Reyna, su gu\u00eda espiritual, y por el padre Ariel Gim\u00e9nez, quien acompa\u00f1\u00f3 su proceso de discernimiento vocacional.<\/p>\n<p><b>NUEVO SACERDOTE<\/b><\/p>\n<p>Guillermo Josu\u00e9 Ca\u00f1ete naci\u00f3 en Esquina, es hijo de Jos\u00e9 Guillermo Ca\u00f1ete y Alba Graciela, y es el mayor de cuatro hermanos. Fue bautizado en la parroquia Santa Catalina por el presb\u00edtero Rub\u00e9n Cattay.<\/p>\n<p>Vivi\u00f3 su adolescencia y juventud en las comunidades Virgen de Guadalupe, San Cayetano y San Francisco de As\u00eds, donde comenz\u00f3 su camino de fe. Aunque desde ni\u00f1o sinti\u00f3 el llamado de Dios, fue a los 20 a\u00f1os, participando de una misi\u00f3n en su barrio e integr\u00e1ndose a un grupo misionero, cuando reafirm\u00f3 definitivamente su vocaci\u00f3n sacerdotal. Posteriormente ingres\u00f3 al Seminario Interdiocesano &#8220;La Encarnaci\u00f3n&#8221;, donde realiz\u00f3 su formaci\u00f3n para el ministerio presbiteral.<\/p>\n<p>Tras la celebraci\u00f3n, el nuevo sacerdote recibi\u00f3 el saludo de la comunidad y anunci\u00f3 que celebrar\u00e1 sus primeras misas en la capilla San Cayetano, luego en la comunidad Virgen de Guadalupe y, posteriormente, en la capilla San Francisco de As\u00eds, lugares profundamente vinculados con su historia de fe.-<\/p>\n<div>PRENSA OBISPADO DE GOYA<\/div>\n","protected":false},"excerpt":{"rendered":"<p>Con el lema &#8220;Permanezcan&#8221;, el di\u00e1cono Guillermo Josu\u00e9 Ca\u00f1ete recibi\u00f3 la ordenaci\u00f3n sacerdotal por la imposici\u00f3n de manos del obispo de Goya, monse\u00f1or Adolfo Ram\u00f3n Canec\u00edn, durante una solemne celebraci\u00f3n eucar\u00edstica realizada en el santuario Santa Rita de Casia de la ciudad de Esquina. La misa fue concelebrada por el obispo em\u00e9rito de Goya, monse\u00f1or [&hellip;]<\/p>\n","protected":false},"author":2,"featured_media":10817,"comment_status":"open","ping_status":"open","sticky":false,"template":"","format":"standard","meta":{"footnotes":""},"categories":[77],"tags":[],"class_list":["post-10816","post","type-post","status-publish","format-standard","has-post-thumbnail","category-local"],"_links":{"self":[{"href":"https:\/\/radiokissnoticias.com.ar\/web\/wp-json\/wp\/v2\/posts\/10816","targetHints":{"allow":["GET"]}}],"collection":[{"href":"https:\/\/radiokissnoticias.com.ar\/web\/wp-json\/wp\/v2\/posts"}],"about":[{"href":"https:\/\/radiokissnoticias.com.ar\/web\/wp-json\/wp\/v2\/types\/post"}],"author":[{"embeddable":true,"href":"https:\/\/radiokissnoticias.com.ar\/web\/wp-json\/wp\/v2\/users\/2"}],"replies":[{"embeddable":true,"href":"https:\/\/radiokissnoticias.com.ar\/web\/wp-json\/wp\/v2\/comments?post=10816"}],"version-history":[{"count":1,"href":"https:\/\/radiokissnoticias.com.ar\/web\/wp-json\/wp\/v2\/posts\/10816\/revisions"}],"predecessor-version":[{"id":10818,"href":"https:\/\/radiokissnoticias.com.ar\/web\/wp-json\/wp\/v2\/posts\/10816\/revisions\/10818"}],"wp:featuredmedia":[{"embeddable":true,"href":"https:\/\/radiokissnoticias.com.ar\/web\/wp-json\/wp\/v2\/media\/10817"}],"wp:attachment":[{"href":"https:\/\/radiokissnoticias.com.ar\/web\/wp-json\/wp\/v2\/media?parent=10816"}],"wp:term":[{"taxonomy":"category","embeddable":true,"href":"https:\/\/radiokissnoticias.com.ar\/web\/wp-json\/wp\/v2\/categories?post=10816"},{"taxonomy":"post_tag","embeddable":true,"href":"https:\/\/radiokissnoticias.com.ar\/web\/wp-json\/wp\/v2\/tags?post=10816"}],"curies":[{"name":"wp","href":"https:\/\/api.w.org\/{rel}","templated":true}]}}