{"id":10813,"date":"2026-07-29T12:49:01","date_gmt":"2026-07-29T15:49:01","guid":{"rendered":"https:\/\/radiokissnoticias.com.ar\/web\/?p=10813"},"modified":"2026-07-29T12:49:01","modified_gmt":"2026-07-29T15:49:01","slug":"cristina-kirchner-lleva-su-condena-a-la-onu-y-habla-de-una-proscripcion-politica","status":"publish","type":"post","link":"https:\/\/radiokissnoticias.com.ar\/web\/2026\/07\/29\/cristina-kirchner-lleva-su-condena-a-la-onu-y-habla-de-una-proscripcion-politica\/","title":{"rendered":"Cristina Kirchner lleva su condena a la ONU y habla de una \u201cproscripci\u00f3n\u201d pol\u00edtica"},"content":{"rendered":"<p>La ex presidente sostiene que la condena que la inhabilita de por vida para ejercer cargos p\u00fablicos vulnera garant\u00edas fundamentales.<\/p>\n<p>La ex presidente Cristina Fernandez de Kirchner defendi\u00f3 este mi\u00e9rcoles su inocencia en una columna publicada de manera simult\u00e1nea en medios internacionales y anunci\u00f3 que llevar\u00e1 su caso ante el Comit\u00e9 de Derechos Humanos de las Naciones Unidas, al considerar que la condena que la inhabilita de por vida para ejercer cargos p\u00fablicos vulnera garant\u00edas fundamentales.<\/p>\n<p>El art\u00edculo fue difundido en diarios como El Pa\u00eds de Espa\u00f1a y Lib\u00e9ration de Francia, en paralelo con una conferencia de prensa encabezada por su equipo de abogados, que oficializ\u00f3 la presentaci\u00f3n de una comunicaci\u00f3n individual ante el organismo internacional con sede en Ginebra.<\/p>\n<p>El Comit\u00e9 de Derechos Humanos de la ONU deber\u00e1 analizar inicialmente la admisibilidad de la presentaci\u00f3n. Si considera que re\u00fane los requisitos previstos en el Pacto Internacional de Derechos Civiles y Pol\u00edticos, podr\u00e1 solicitar informaci\u00f3n al Estado argentino antes de emitir una recomendaci\u00f3n sobre el caso.<\/p>\n<p>En el texto, la ex mandataria sostiene que cuando el Poder Judicial deja de cumplir su funci\u00f3n de garante de derechos y pasa a intervenir en la competencia pol\u00edtica, se produce un deterioro de la calidad democr\u00e1tica.<\/p>\n<p>\u201cNo se trata de recurrir a una instancia internacional por mera disconformidad con decisiones judiciales. Se trata de someter al escrutinio del Derecho Internacional de los Derechos Humanos la actuaci\u00f3n de quienes condujeron mi juzgamiento\u201d, se\u00f1al\u00f3.<\/p>\n<p>Fern\u00e1ndez de Kirchner califica la inhabilitaci\u00f3n perpetua impuesta en la denominada &#8220;Causa Vialidad&#8221; como una forma de &#8220;proscripci\u00f3n&#8221; y resalta que la condena afecta a &#8220;la \u00fanica mujer electa y reelecta para ejercer la Presidencia de la Naci\u00f3n Argentina.<\/p>\n<p>Tambi\u00e9n incluy\u00f3 en su argmentaci\u00f3n al atentado que sufri\u00f3 el 1 de septiembre de 2022, que seg\u00fan expresa el texto fue \u201cun episodio de extrema gravedad que puso en riesgo mi vida y evidenci\u00f3 hasta qu\u00e9 punto la violencia pol\u00edtica puede amenazar la convivencia democr\u00e1tica\u201d.<\/p>\n<p>Sostiene que el expediente estuvo atravesado por arbitrariedades incompatibles con las garant\u00edas judiciales y denunci\u00f3 adem\u00e1s un contexto de hostilidad que, a su juicio, refleja la persistencia de pr\u00e1cticas de machismo estructural dentro de sectores del sistema judicial.<\/p>\n<p>La ex presidente asegur\u00f3 que el caso excede su situaci\u00f3n personal y sostuvo que la condena tambi\u00e9n afecta el derecho de los ciudadanos a elegir libremente a sus representantes mediante el voto.<\/p>\n<p>Para impulsar la estrategia internacional, la defensa incorpor\u00f3 al jurista brasile\u00f1o Rafael Valim, quien integr\u00f3 el equipo legal del presidente Luiz In\u00e1cio Lula da Silva, y al ex juez del Tribunal Europeo de Derechos Humanos Javier Borrego. Ambos participaron de la presentaci\u00f3n junto con el abogado Alberto Beraldi.<\/p>\n<p>En su columna, Cristina Kirchner remarc\u00f3 que no pretende recibir un tratamiento excepcional, sino que reclama un proceso &#8220;imparcial, independiente&#8221; y compatible con las obligaciones internacionales asumidas por el Estado argentino.<\/p>\n<p>La ex mandataria cumple arresto domiciliario tras quedar firme la condena a seis a\u00f1os de prisi\u00f3n e inhabilitaci\u00f3n perpetua por administraci\u00f3n fraudulenta en la &#8220;Causa Vialidad&#8221;, fallo confirmado por la Corte Suprema en junio de 2025.<\/p>\n<p>Posteriormente, en julio de 2026, el m\u00e1ximo tribunal del pa\u00eds tambi\u00e9n dej\u00f3 firme el decomiso de bienes por 684.990 millones de pesos dispuesto en el expediente.<\/p>\n<p>La ex presidente concluy\u00f3 que continuar\u00e1 sosteniendo su inocencia mediante todos los mecanismos previstos por el Estado de Derecho, al considerar que la defensa de las garant\u00edas judiciales trasciende su situaci\u00f3n particular y constituye una cuesti\u00f3n de inter\u00e9s para toda la sociedad.<\/p>\n","protected":false},"excerpt":{"rendered":"<p>La ex presidente sostiene que la condena que la inhabilita de por vida para ejercer cargos p\u00fablicos vulnera garant\u00edas fundamentales. La ex presidente Cristina Fernandez de Kirchner defendi\u00f3 este mi\u00e9rcoles su inocencia en una columna publicada de manera simult\u00e1nea en medios internacionales y anunci\u00f3 que llevar\u00e1 su caso ante el Comit\u00e9 de Derechos Humanos de [&hellip;]<\/p>\n","protected":false},"author":2,"featured_media":10814,"comment_status":"open","ping_status":"open","sticky":false,"template":"","format":"standard","meta":{"footnotes":""},"categories":[81],"tags":[],"class_list":["post-10813","post","type-post","status-publish","format-standard","has-post-thumbnail","category-politica"],"_links":{"self":[{"href":"https:\/\/radiokissnoticias.com.ar\/web\/wp-json\/wp\/v2\/posts\/10813","targetHints":{"allow":["GET"]}}],"collection":[{"href":"https:\/\/radiokissnoticias.com.ar\/web\/wp-json\/wp\/v2\/posts"}],"about":[{"href":"https:\/\/radiokissnoticias.com.ar\/web\/wp-json\/wp\/v2\/types\/post"}],"author":[{"embeddable":true,"href":"https:\/\/radiokissnoticias.com.ar\/web\/wp-json\/wp\/v2\/users\/2"}],"replies":[{"embeddable":true,"href":"https:\/\/radiokissnoticias.com.ar\/web\/wp-json\/wp\/v2\/comments?post=10813"}],"version-history":[{"count":1,"href":"https:\/\/radiokissnoticias.com.ar\/web\/wp-json\/wp\/v2\/posts\/10813\/revisions"}],"predecessor-version":[{"id":10815,"href":"https:\/\/radiokissnoticias.com.ar\/web\/wp-json\/wp\/v2\/posts\/10813\/revisions\/10815"}],"wp:featuredmedia":[{"embeddable":true,"href":"https:\/\/radiokissnoticias.com.ar\/web\/wp-json\/wp\/v2\/media\/10814"}],"wp:attachment":[{"href":"https:\/\/radiokissnoticias.com.ar\/web\/wp-json\/wp\/v2\/media?parent=10813"}],"wp:term":[{"taxonomy":"category","embeddable":true,"href":"https:\/\/radiokissnoticias.com.ar\/web\/wp-json\/wp\/v2\/categories?post=10813"},{"taxonomy":"post_tag","embeddable":true,"href":"https:\/\/radiokissnoticias.com.ar\/web\/wp-json\/wp\/v2\/tags?post=10813"}],"curies":[{"name":"wp","href":"https:\/\/api.w.org\/{rel}","templated":true}]}}