{"id":10802,"date":"2026-07-29T11:22:05","date_gmt":"2026-07-29T14:22:05","guid":{"rendered":"https:\/\/radiokissnoticias.com.ar\/web\/?p=10802"},"modified":"2026-07-29T11:22:05","modified_gmt":"2026-07-29T14:22:05","slug":"priar-y-municipalidad-de-goya-en-caniceria-de-goya-secuestran-carne-no-apta-para-el-consumo-humano","status":"publish","type":"post","link":"https:\/\/radiokissnoticias.com.ar\/web\/2026\/07\/29\/priar-y-municipalidad-de-goya-en-caniceria-de-goya-secuestran-carne-no-apta-para-el-consumo-humano\/","title":{"rendered":"PRIAR Y MUNICIPALIDAD DE GOYA En canicer\u00eda de Goya secuestran carne no apta para el consumo humano"},"content":{"rendered":"<p>En el marco del Plan Integral de Prevenci\u00f3n del Abigeato, efectivos de la Unidad Especial de Seguridad Rural y Ecol\u00f3gica de Goya, en un operativo conjunto con personal de Bromatolog\u00eda de la Municipalidad, secuestraron 118 kilogramos de carne bovina que no reun\u00edan las condiciones sanitarias para su comercializaci\u00f3n y consumo.<\/p>\n<p>El procedimiento se realiz\u00f3 durante una inspecci\u00f3n en la carnicer\u00eda &#8220;El Bar\u00f3n&#8221;, ubicada sobre calle Juan XXIII N\u00ba 174 de la ciudad de Goya. Al verificar la mercader\u00eda, los inspectores detectaron distintos cortes vacunos, entre ellos cuartos y paletas, que presentaban condiciones incompatibles con su venta al p\u00fablico, por lo que se dispuso su inmediato secuestro.<\/p>\n<p>Informado del hecho, el Fiscal Rural y Ambiental, Dr. Jos\u00e9 Omar C\u00e1ceres, orden\u00f3 el inicio de actuaciones judiciales por presunta infracci\u00f3n al art\u00edculo 206 del C\u00f3digo Penal Argentino.<\/p>\n<p>Desde la Polic\u00eda Rural y Ecol\u00f3gica se\u00f1alaron que los controles continuar\u00e1n en distintos comercios de la jurisdicci\u00f3n con el objetivo de garantizar que los productos c\u00e1rnicos ofrecidos a la comunidad cumplan con las normas sanitarias vigentes y proteger la salud de los consumidores.<\/p>\n<p><img loading=\"lazy\" decoding=\"async\" class=\"\" src=\"https:\/\/www.powernoticias.com\/images\/202607291350285586\" width=\"407\" height=\"723\" \/><\/p>\n<p>&nbsp;<\/p>\n","protected":false},"excerpt":{"rendered":"<p>En el marco del Plan Integral de Prevenci\u00f3n del Abigeato, efectivos de la Unidad Especial de Seguridad Rural y Ecol\u00f3gica de Goya, en un operativo conjunto con personal de Bromatolog\u00eda de la Municipalidad, secuestraron 118 kilogramos de carne bovina que no reun\u00edan las condiciones sanitarias para su comercializaci\u00f3n y consumo. El procedimiento se realiz\u00f3 durante [&hellip;]<\/p>\n","protected":false},"author":2,"featured_media":10803,"comment_status":"open","ping_status":"open","sticky":false,"template":"","format":"standard","meta":{"footnotes":""},"categories":[82],"tags":[],"class_list":["post-10802","post","type-post","status-publish","format-standard","has-post-thumbnail","category-policiales"],"_links":{"self":[{"href":"https:\/\/radiokissnoticias.com.ar\/web\/wp-json\/wp\/v2\/posts\/10802","targetHints":{"allow":["GET"]}}],"collection":[{"href":"https:\/\/radiokissnoticias.com.ar\/web\/wp-json\/wp\/v2\/posts"}],"about":[{"href":"https:\/\/radiokissnoticias.com.ar\/web\/wp-json\/wp\/v2\/types\/post"}],"author":[{"embeddable":true,"href":"https:\/\/radiokissnoticias.com.ar\/web\/wp-json\/wp\/v2\/users\/2"}],"replies":[{"embeddable":true,"href":"https:\/\/radiokissnoticias.com.ar\/web\/wp-json\/wp\/v2\/comments?post=10802"}],"version-history":[{"count":1,"href":"https:\/\/radiokissnoticias.com.ar\/web\/wp-json\/wp\/v2\/posts\/10802\/revisions"}],"predecessor-version":[{"id":10804,"href":"https:\/\/radiokissnoticias.com.ar\/web\/wp-json\/wp\/v2\/posts\/10802\/revisions\/10804"}],"wp:featuredmedia":[{"embeddable":true,"href":"https:\/\/radiokissnoticias.com.ar\/web\/wp-json\/wp\/v2\/media\/10803"}],"wp:attachment":[{"href":"https:\/\/radiokissnoticias.com.ar\/web\/wp-json\/wp\/v2\/media?parent=10802"}],"wp:term":[{"taxonomy":"category","embeddable":true,"href":"https:\/\/radiokissnoticias.com.ar\/web\/wp-json\/wp\/v2\/categories?post=10802"},{"taxonomy":"post_tag","embeddable":true,"href":"https:\/\/radiokissnoticias.com.ar\/web\/wp-json\/wp\/v2\/tags?post=10802"}],"curies":[{"name":"wp","href":"https:\/\/api.w.org\/{rel}","templated":true}]}}