{"id":10799,"date":"2026-07-29T11:16:39","date_gmt":"2026-07-29T14:16:39","guid":{"rendered":"https:\/\/radiokissnoticias.com.ar\/web\/?p=10799"},"modified":"2026-07-29T11:16:39","modified_gmt":"2026-07-29T14:16:39","slug":"a-traves-de-un-taller-la-unne-pone-el-foco-en-la-salud-mental-en-el-aula","status":"publish","type":"post","link":"https:\/\/radiokissnoticias.com.ar\/web\/2026\/07\/29\/a-traves-de-un-taller-la-unne-pone-el-foco-en-la-salud-mental-en-el-aula\/","title":{"rendered":"A trav\u00e9s de un taller, la UNNE pone el foco en la salud mental en el aula"},"content":{"rendered":"<p>Avanza la inscripci\u00f3n del curso gratuito de &#8220;Bienestar laboral docente&#8221; en Goya. Se trata de una propuesta para reducir el estr\u00e9s en el \u00e1mbito educativo, organizado por la UNNE junto la facultad de Medicina de la misma Facultad.<\/p>\n<p>La propuesta, est\u00e1 destinada a trabajadores de la educaci\u00f3n de distintos niveles y tiene como objetivo brindar herramientas concretas para afrontar el estr\u00e9s y mejorar la calidad de vida en el \u00e1mbito laboral. La capacitaci\u00f3n se desarrollar\u00e1 durante los s\u00e1bados del mes de agosto, en el horario de 10 a 14 horas, en el Centro Regional Goya, ubicado en calle Col\u00f3n 538.<\/p>\n<p><b>DIEGO VICENT\u00cdN<\/b><\/p>\n<p>Este martes, el referente del Centro Regional de la UNNE Goya Diego Vicentin adelant\u00f3 algunos aspectos acerca de esta capacitaci\u00f3n.<\/p>\n<p>&#8220;Ser\u00e1 de car\u00e1cter presencial aqu\u00ed en la extensi\u00f3n de la UNNE Goya y la fecha de inicio ser\u00e1 el s\u00e1bado 8 de agosto. Hasta el 7 de agosto es el periodo l\u00edmite de inscripci\u00f3n gratuita&#8221;. Constar\u00e1n de 4 clases intensivas los cuatro s\u00e1bados del mes que viene con una carga horaria de 30 horas.<\/p>\n<p>El curso cuenta con certificaci\u00f3n oficial de la Facultad de Medicina de la UNNE y no tiene costo para los participantes, siendo completamente gratuito. Sin embargo, remarc\u00f3 Vicent\u00edn que los cupos son limitados, &#8220;porque los especialistas que vienen van a usar una din\u00e1mica muy de ida y vuelta&#8221; expuso.<\/p>\n<p><b>INSCRIPCI\u00d3N<\/b><\/p>\n<p>Los interesados pueden inscribirse de manera online a trav\u00e9s del formulario disponible en el siguiente enlace:<\/p>\n<p>https:\/\/forms.gle\/wvsKgvuQmQPEBYoJ9<\/p>\n<p>Para consultas o mayor informaci\u00f3n, se encuentra habilitado el correo electr\u00f3nico centroregionalgoya@gmail.com.<\/p>\n<p>Cabe se\u00f1alar que, al finalizar el curso, cumplimentando la totalidad de las horas, a cada docente se le entregar\u00e1 un certificado con Resoluci\u00f3n del Ministerio de Educaci\u00f3n.<\/p>\n<p>Direcci\u00f3n de Prensa \u2013 Municipalidad de Goya.<br \/>\n\u200b<\/p>\n","protected":false},"excerpt":{"rendered":"<p>Avanza la inscripci\u00f3n del curso gratuito de &#8220;Bienestar laboral docente&#8221; en Goya. Se trata de una propuesta para reducir el estr\u00e9s en el \u00e1mbito educativo, organizado por la UNNE junto la facultad de Medicina de la misma Facultad. La propuesta, est\u00e1 destinada a trabajadores de la educaci\u00f3n de distintos niveles y tiene como objetivo brindar [&hellip;]<\/p>\n","protected":false},"author":2,"featured_media":10800,"comment_status":"open","ping_status":"open","sticky":false,"template":"","format":"standard","meta":{"footnotes":""},"categories":[77],"tags":[],"class_list":["post-10799","post","type-post","status-publish","format-standard","has-post-thumbnail","category-local"],"_links":{"self":[{"href":"https:\/\/radiokissnoticias.com.ar\/web\/wp-json\/wp\/v2\/posts\/10799","targetHints":{"allow":["GET"]}}],"collection":[{"href":"https:\/\/radiokissnoticias.com.ar\/web\/wp-json\/wp\/v2\/posts"}],"about":[{"href":"https:\/\/radiokissnoticias.com.ar\/web\/wp-json\/wp\/v2\/types\/post"}],"author":[{"embeddable":true,"href":"https:\/\/radiokissnoticias.com.ar\/web\/wp-json\/wp\/v2\/users\/2"}],"replies":[{"embeddable":true,"href":"https:\/\/radiokissnoticias.com.ar\/web\/wp-json\/wp\/v2\/comments?post=10799"}],"version-history":[{"count":1,"href":"https:\/\/radiokissnoticias.com.ar\/web\/wp-json\/wp\/v2\/posts\/10799\/revisions"}],"predecessor-version":[{"id":10801,"href":"https:\/\/radiokissnoticias.com.ar\/web\/wp-json\/wp\/v2\/posts\/10799\/revisions\/10801"}],"wp:featuredmedia":[{"embeddable":true,"href":"https:\/\/radiokissnoticias.com.ar\/web\/wp-json\/wp\/v2\/media\/10800"}],"wp:attachment":[{"href":"https:\/\/radiokissnoticias.com.ar\/web\/wp-json\/wp\/v2\/media?parent=10799"}],"wp:term":[{"taxonomy":"category","embeddable":true,"href":"https:\/\/radiokissnoticias.com.ar\/web\/wp-json\/wp\/v2\/categories?post=10799"},{"taxonomy":"post_tag","embeddable":true,"href":"https:\/\/radiokissnoticias.com.ar\/web\/wp-json\/wp\/v2\/tags?post=10799"}],"curies":[{"name":"wp","href":"https:\/\/api.w.org\/{rel}","templated":true}]}}