{"id":10760,"date":"2026-07-28T21:27:15","date_gmt":"2026-07-29T00:27:15","guid":{"rendered":"https:\/\/radiokissnoticias.com.ar\/web\/?p=10760"},"modified":"2026-07-28T21:27:15","modified_gmt":"2026-07-29T00:27:15","slug":"basquet-se-llevo-a-cabo-en-corrientes-la-clinica-anual-para-arbitros-y-comisionados-tecnicos","status":"publish","type":"post","link":"https:\/\/radiokissnoticias.com.ar\/web\/2026\/07\/28\/basquet-se-llevo-a-cabo-en-corrientes-la-clinica-anual-para-arbitros-y-comisionados-tecnicos\/","title":{"rendered":"B\u00e1squet: Se llev\u00f3 a cabo en Corrientes la cl\u00ednica anual para \u00e1rbitros y comisionados t\u00e9cnicos"},"content":{"rendered":"<p>De cara a la Liga Provincial de Mayores 2026, Pablo \u201cColo\u201d Est\u00e9vez fue el disertante invitado. Los \u00e1rbitros y comisionados t\u00e9cnicos convocados por la FBPC.<\/p>\n<p>Con la Liga Provincial de Mayores 2026 a la vuelta de la esquina, el cuerpo de r\u00e9feris y comisionados t\u00e9cnicos de la Federaci\u00f3n de B\u00e1squet de la Provincia de Corrientes participaron de la cl\u00ednica anual de rev\u00e1lida. Cont\u00f3 con el auspicio de la FBPC y de la Escuela de \u00c1rbitros.<\/p>\n<p>La misma cont\u00f3 con Pablo \u201cColo\u201d Est\u00e9vez como disertante invitado, qui\u00e9n se desempe\u00f1a como instructor del Instituto CAB, actualmente es r\u00e9feri de la LNB y ex \u00e1rbitro FIBA.<\/p>\n<p>El d\u00eda s\u00e1bado, con la Direcci\u00f3n de Deportes de la Provincia de Corrientes como sede, se llev\u00f3 a cabo la jornada dedicada a la parte t\u00e9cnica de la cl\u00ednica. Con una exposici\u00f3n a cargo de Est\u00e9vez y mediante videos, los \u00e1rbitros se capacitaron acerca de flop, errores corregibles, faltas \u2060antideportivas y t\u00e9cnicas y challengers.<\/p>\n<p>El domingo se llev\u00f3 a cabo la prueba f\u00edsica, se realizaron trabajos en cancha y los r\u00e9feris fueron sometidos a un examen f\u00edsico.<\/p>\n<p>Los \u00e1rbitros y comisionados t\u00e9cnicos convocados por la FBPC<\/p>\n<p><b>\u00c1RBITROS:<br \/>\n<\/b><br \/>\nCHAPARRO, CESAR<br \/>\nCOSTA, ALEJANDRO<br \/>\nENCINAS, NICOLAS<br \/>\nESTIGARRIBIA, GUIDO<br \/>\nLENCINA, LEANDRO<br \/>\nLOPEZ, JOAQUIN<br \/>\nLOPEZ, MAXIMILIANO<br \/>\nMARGALOT, CHRISTIAN<br \/>\nMOREYRA, CARLOS<br \/>\nMONZ\u00d3N, YAMIL<br \/>\nPACCE LOPEZ, GABRIELA<br \/>\nPARQUET, GABRIEL<br \/>\nPEDROZO, WILSON<br \/>\nPIAZZA, SERGIO<br \/>\nRIOS, SEBASTIAN<br \/>\nSOSA, MAXIMILIANO<br \/>\nGOMEZ GIL, RAMON<br \/>\nORUE, NICOLAS<br \/>\nROSSI, MATIAS<br \/>\n<b><br \/>\nCOMISIONADOS T\u00c9CNICOS:<br \/>\n<\/b><br \/>\nBEJARANO, ROBERTO<br \/>\nDUARTE, LUIS<br \/>\nGALARZA, FLORENCIA<br \/>\nGIMENEZ, RUBEN<br \/>\nKBAL, JESMIN<br \/>\nLOPEZ, NOELIA<br \/>\nLOPEZ, DAIANA<br \/>\nMONACO, OMAR<br \/>\nRAMIREZ, DIEGO<br \/>\nROJAS, RAMIRO<br \/>\nROSSI, NESTOR<br \/>\nSILVA, AMERICO<\/p>\n","protected":false},"excerpt":{"rendered":"<p>De cara a la Liga Provincial de Mayores 2026, Pablo \u201cColo\u201d Est\u00e9vez fue el disertante invitado. Los \u00e1rbitros y comisionados t\u00e9cnicos convocados por la FBPC. Con la Liga Provincial de Mayores 2026 a la vuelta de la esquina, el cuerpo de r\u00e9feris y comisionados t\u00e9cnicos de la Federaci\u00f3n de B\u00e1squet de la Provincia de Corrientes [&hellip;]<\/p>\n","protected":false},"author":2,"featured_media":10761,"comment_status":"open","ping_status":"open","sticky":false,"template":"","format":"standard","meta":{"footnotes":""},"categories":[83],"tags":[],"class_list":["post-10760","post","type-post","status-publish","format-standard","has-post-thumbnail","category-deporte"],"_links":{"self":[{"href":"https:\/\/radiokissnoticias.com.ar\/web\/wp-json\/wp\/v2\/posts\/10760","targetHints":{"allow":["GET"]}}],"collection":[{"href":"https:\/\/radiokissnoticias.com.ar\/web\/wp-json\/wp\/v2\/posts"}],"about":[{"href":"https:\/\/radiokissnoticias.com.ar\/web\/wp-json\/wp\/v2\/types\/post"}],"author":[{"embeddable":true,"href":"https:\/\/radiokissnoticias.com.ar\/web\/wp-json\/wp\/v2\/users\/2"}],"replies":[{"embeddable":true,"href":"https:\/\/radiokissnoticias.com.ar\/web\/wp-json\/wp\/v2\/comments?post=10760"}],"version-history":[{"count":1,"href":"https:\/\/radiokissnoticias.com.ar\/web\/wp-json\/wp\/v2\/posts\/10760\/revisions"}],"predecessor-version":[{"id":10762,"href":"https:\/\/radiokissnoticias.com.ar\/web\/wp-json\/wp\/v2\/posts\/10760\/revisions\/10762"}],"wp:featuredmedia":[{"embeddable":true,"href":"https:\/\/radiokissnoticias.com.ar\/web\/wp-json\/wp\/v2\/media\/10761"}],"wp:attachment":[{"href":"https:\/\/radiokissnoticias.com.ar\/web\/wp-json\/wp\/v2\/media?parent=10760"}],"wp:term":[{"taxonomy":"category","embeddable":true,"href":"https:\/\/radiokissnoticias.com.ar\/web\/wp-json\/wp\/v2\/categories?post=10760"},{"taxonomy":"post_tag","embeddable":true,"href":"https:\/\/radiokissnoticias.com.ar\/web\/wp-json\/wp\/v2\/tags?post=10760"}],"curies":[{"name":"wp","href":"https:\/\/api.w.org\/{rel}","templated":true}]}}