{"id":10747,"date":"2026-07-28T21:18:20","date_gmt":"2026-07-29T00:18:20","guid":{"rendered":"https:\/\/radiokissnoticias.com.ar\/web\/?p=10747"},"modified":"2026-07-28T21:18:20","modified_gmt":"2026-07-29T00:18:20","slug":"yacobitti-cruzo-al-vocero-presidencial-por-el-porcentaje-de-alumnos-extranjeros-y-aporto-datos-oficiales","status":"publish","type":"post","link":"https:\/\/radiokissnoticias.com.ar\/web\/2026\/07\/28\/yacobitti-cruzo-al-vocero-presidencial-por-el-porcentaje-de-alumnos-extranjeros-y-aporto-datos-oficiales\/","title":{"rendered":"Yacobitti cruz\u00f3 al vocero presidencial por el porcentaje de alumnos extranjeros y aport\u00f3 datos oficiales"},"content":{"rendered":"<p>El vicepresidente de la universidad p\u00fablica desminti\u00f3 las afirmaciones sobre el impacto de los estudiantes internacionales en la Facultad de Medicina.<\/p>\n<p>El vicepresidente de la Universidad de Buenos Aires (UBA), Emiliano Yacobitti, sali\u00f3 al cruce tras los dichos del vocero presidencial, Adri\u00e1n Ravier, quien asegur\u00f3 que &#8220;el 39% de los estudiantes de medicina son extranjeros&#8221;, y cuestiono el destino de los fondos presupuestarios al se\u00f1alar: &#8220;Estamos destinando dinero a formar personas que despu\u00e9s vuelven a sus pa\u00edses. Tenemos que cuidar el dinero de los argentinos&#8221;.<\/p>\n<p>Ante estas afirmaciones, la autoridad universitaria calific\u00f3 los datos proporcionados por el voceo presidencial como err\u00f3neos y difundi\u00f3 los registros estad\u00edsticos institucionales correspondientes al ciclo lectivo en curso para responderle al vocero presidencial.<\/p>\n<p>A trav\u00e9s de la documentaci\u00f3n presentada, Yacobitti precis\u00f3 que, sobre un universo superior a los 70.000 ingresantes que registr\u00f3 la UBA en 2026, los ciudadanos extranjeros con condici\u00f3n de residencia precaria, transitoria o temporal configuran apenas el 2,5% del total general.<\/p>\n<p>Respecto a la situaci\u00f3n puntual de la Facultad de Ciencias M\u00e9dicas, el directivo detall\u00f3 que la presencia de alumnos internacionales alcanza solamente el 6,1%, desestimando el porcentaje cercano al 40% expuesto desde el Poder Ejecutivo. En el desglose por unidades acad\u00e9micas, especific\u00f3 que en Odontolog\u00eda el indicador se sit\u00faa en el 4,1%, en Ingenier\u00eda se reduce al 2,7%, mientras que en la totalidad de las restantes facultades la cifra no llega a superar el 2%.<\/p>\n<p>Por otra parte, el referente de la UBA aclar\u00f3 que la instituci\u00f3n cuenta con normativas estrictas de admisi\u00f3n para mitigar las dificultades de inserci\u00f3n. En ese sentido, record\u00f3 que desde el a\u00f1o 2022 se implement\u00f3 como requisito obligatorio para todos los aspirantes procedentes de naciones no hispanohablantes la acreditaci\u00f3n del nivel C1 de espa\u00f1ol, tanto en las instancias de comprensi\u00f3n como en las de producci\u00f3n oral y escrita, lo que demanda una destreza ling\u00fc\u00edstica pr\u00e1cticamente hom\u00f3loga a la de un nativo.<\/p>\n<p>Finalmente, el vicerrector manifest\u00f3 la plena voluntad del cuerpo acad\u00e9mico para mantener mesas de trabajo conjuntas con los representantes del Gobierno nacional.<\/p>\n","protected":false},"excerpt":{"rendered":"<p>El vicepresidente de la universidad p\u00fablica desminti\u00f3 las afirmaciones sobre el impacto de los estudiantes internacionales en la Facultad de Medicina. El vicepresidente de la Universidad de Buenos Aires (UBA), Emiliano Yacobitti, sali\u00f3 al cruce tras los dichos del vocero presidencial, Adri\u00e1n Ravier, quien asegur\u00f3 que &#8220;el 39% de los estudiantes de medicina son extranjeros&#8221;, [&hellip;]<\/p>\n","protected":false},"author":2,"featured_media":10748,"comment_status":"open","ping_status":"open","sticky":false,"template":"","format":"standard","meta":{"footnotes":""},"categories":[78],"tags":[],"class_list":["post-10747","post","type-post","status-publish","format-standard","has-post-thumbnail","category-nacional"],"_links":{"self":[{"href":"https:\/\/radiokissnoticias.com.ar\/web\/wp-json\/wp\/v2\/posts\/10747","targetHints":{"allow":["GET"]}}],"collection":[{"href":"https:\/\/radiokissnoticias.com.ar\/web\/wp-json\/wp\/v2\/posts"}],"about":[{"href":"https:\/\/radiokissnoticias.com.ar\/web\/wp-json\/wp\/v2\/types\/post"}],"author":[{"embeddable":true,"href":"https:\/\/radiokissnoticias.com.ar\/web\/wp-json\/wp\/v2\/users\/2"}],"replies":[{"embeddable":true,"href":"https:\/\/radiokissnoticias.com.ar\/web\/wp-json\/wp\/v2\/comments?post=10747"}],"version-history":[{"count":1,"href":"https:\/\/radiokissnoticias.com.ar\/web\/wp-json\/wp\/v2\/posts\/10747\/revisions"}],"predecessor-version":[{"id":10749,"href":"https:\/\/radiokissnoticias.com.ar\/web\/wp-json\/wp\/v2\/posts\/10747\/revisions\/10749"}],"wp:featuredmedia":[{"embeddable":true,"href":"https:\/\/radiokissnoticias.com.ar\/web\/wp-json\/wp\/v2\/media\/10748"}],"wp:attachment":[{"href":"https:\/\/radiokissnoticias.com.ar\/web\/wp-json\/wp\/v2\/media?parent=10747"}],"wp:term":[{"taxonomy":"category","embeddable":true,"href":"https:\/\/radiokissnoticias.com.ar\/web\/wp-json\/wp\/v2\/categories?post=10747"},{"taxonomy":"post_tag","embeddable":true,"href":"https:\/\/radiokissnoticias.com.ar\/web\/wp-json\/wp\/v2\/tags?post=10747"}],"curies":[{"name":"wp","href":"https:\/\/api.w.org\/{rel}","templated":true}]}}