{"id":10743,"date":"2026-07-28T21:16:33","date_gmt":"2026-07-29T00:16:33","guid":{"rendered":"https:\/\/radiokissnoticias.com.ar\/web\/?p=10743"},"modified":"2026-07-28T21:16:33","modified_gmt":"2026-07-29T00:16:33","slug":"suboficiales-complican-al-ex-comisario-maciel-en-el-reinicio-del-juicio-por-loan","status":"publish","type":"post","link":"https:\/\/radiokissnoticias.com.ar\/web\/2026\/07\/28\/suboficiales-complican-al-ex-comisario-maciel-en-el-reinicio-del-juicio-por-loan\/","title":{"rendered":"Suboficiales complican al ex comisario Maciel en el reinicio del juicio por Loan"},"content":{"rendered":"<p>Tras el receso por la feria judicial, el juicio oral por la desaparici\u00f3n de Loan Danilo Pe\u00f1a volvi\u00f3 a desarrollarse este martes, con una audiencia centrada en las primeras horas de la b\u00fasqueda y en la actuaci\u00f3n policial posterior a la denuncia.<\/p>\n<p>Durante la jornada declararon dos efectivos que participaron del operativo inicial y dos testigos civiles vinculados a las familias de los involucrados. Sus exposiciones aportaron detalles sobre c\u00f3mo se organiz\u00f3 la b\u00fasqueda, el recorrido realizado por los ni\u00f1os el d\u00eda de la desaparici\u00f3n y las directivas que recib\u00edan los polic\u00edas de la comisar\u00eda de 9 de Julio.<\/p>\n<p>Uno de los testimonios estuvo a cargo del suboficial Mariano Hern\u00e1n Duarte, quien recibi\u00f3 el primer llamado telef\u00f3nico de Mar\u00eda Victoria Caillava alertando sobre la desaparici\u00f3n de Loan y dio aviso a la comisar\u00eda pese a encontrarse de franco. El efectivo ratific\u00f3 una declaraci\u00f3n brindada durante la investigaci\u00f3n y confirm\u00f3 que el entonces comisario Walter Maciel impart\u00eda \u00f3rdenes para obtener registros fotogr\u00e1ficos y datos personales en distintos establecimientos.<\/p>\n<p>\u201cYo cumpl\u00eda \u00f3rdenes. Era el comisario, yo cumpl\u00eda \u00f3rdenes\u201d, sostuvo Duarte al ser consultado por esas instrucciones. Adem\u00e1s, record\u00f3 que durante los rastrillajes se utilizaron drones y que uno de ellos cay\u00f3 al impactar contra un \u00e1rbol.<\/p>\n<p>En el mismo sentido declar\u00f3 el sargento Hugo Daniel Alegre, quien particip\u00f3 de la b\u00fasqueda y qued\u00f3 a cargo de custodiar el bot\u00edn hallado durante el operativo. \u201cNo s\u00e9 qui\u00e9n lo encontr\u00f3. Cuando llego al lugar hab\u00eda tres cadetes cuid\u00e1ndolo. Estaba tambi\u00e9n Maciel, que me orden\u00f3 que me quedara cuidando el lugar con otro compa\u00f1ero\u201d, afirm\u00f3. Tambi\u00e9n indic\u00f3 que el calzado estaba \u201csemienterrado\u201d, que tom\u00f3 fotograf\u00edas del lugar y que una perito lo retir\u00f3 alrededor de una hora y media despu\u00e9s. Al igual que Duarte, asegur\u00f3 que Maciel les ordenaba realizar registros fotogr\u00e1ficos vinculados a la escuela a la que asist\u00eda Loan.<\/p>\n<p>Los testimonios civiles tambi\u00e9n aportaron elementos sobre lo ocurrido aquel d\u00eda. Virginio Leonardo Medina, esposo de una de las hermanas de Mar\u00eda Noguera, relat\u00f3 que particip\u00f3 de la b\u00fasqueda desde el momento en que tom\u00f3 conocimiento de la desaparici\u00f3n hasta el mediod\u00eda del d\u00eda siguiente. Describi\u00f3 un terreno de dif\u00edcil acceso y estim\u00f3 que alrededor de 150 personas participaron de los rastrillajes, aunque aclar\u00f3 que nunca conoci\u00f3 c\u00f3mo se produjo la desaparici\u00f3n del ni\u00f1o.<\/p>\n<p>Por su parte, V\u00edctor Gustavo Fern\u00e1ndez, cu\u00f1ado de la imputada M\u00f3nica del Carmen Millapi, reconstruy\u00f3 el relato que le hicieron sus hijos, quienes integraban el grupo de menores que fue al naranjal. \u201c(Uno de mis hijos) me dijo que estaban jugando, haciendo una casita en el tacuaral. Loan, mi hijo, y\u2026 el hijo de Antonio y la hija de Camila. Estaban jugando y llega un momento y dice el nene: \u2018Me voy con mi pap\u00e1\u2019. Y sali\u00f3 y se fue. Eso me comentaron\u00bb.<\/p>\n<p>Fern\u00e1ndez tambi\u00e9n record\u00f3 c\u00f3mo supo de la desaparici\u00f3n. \u201cY me entero m\u00e1s o menos 4.30, cuando viene ella y me dice. Me dijo: \u2018Ah\u00ed te traje a tu hijo porque se perdi\u00f3 un nene\u2019. Y yo le dije: \u2018Ah\u2019, nom\u00e1s, porque no sab\u00eda qui\u00e9n era, d\u00f3nde era y no le pregunt\u00e9 m\u00e1s nada porque estaba ocupado. Y me pidi\u00f3 una linterna, que le prest\u00e9 y se fue\u201d.<\/p>\n<p>Adem\u00e1s, confirm\u00f3 que tiempo despu\u00e9s sus hijos participaron de un recorrido por el naranjal junto al perito Jos\u00e9 Mazzei y familiares de Loan para reconstruir los movimientos realizados ese d\u00eda.<\/p>\n<p>Con esta audiencia ya declararon 23 testigos desde el inicio del juicio. El debate continuar\u00e1 este mi\u00e9rcoles desde las 9.30 con las declaraciones de Jorge Daniel Moreira, Gabina Peloso, Lisandro Alberto Saucedo y Roque Nicol\u00e1s B\u00e1ez, mientras el tribunal busca reconstruir los hechos previos y posteriores a la desaparici\u00f3n del ni\u00f1o, ocurrida hace 776 d\u00edas.<\/p>\n","protected":false},"excerpt":{"rendered":"<p>Tras el receso por la feria judicial, el juicio oral por la desaparici\u00f3n de Loan Danilo Pe\u00f1a volvi\u00f3 a desarrollarse este martes, con una audiencia centrada en las primeras horas de la b\u00fasqueda y en la actuaci\u00f3n policial posterior a la denuncia. Durante la jornada declararon dos efectivos que participaron del operativo inicial y dos [&hellip;]<\/p>\n","protected":false},"author":2,"featured_media":10744,"comment_status":"open","ping_status":"open","sticky":false,"template":"","format":"standard","meta":{"footnotes":""},"categories":[82],"tags":[],"class_list":["post-10743","post","type-post","status-publish","format-standard","has-post-thumbnail","category-policiales"],"_links":{"self":[{"href":"https:\/\/radiokissnoticias.com.ar\/web\/wp-json\/wp\/v2\/posts\/10743","targetHints":{"allow":["GET"]}}],"collection":[{"href":"https:\/\/radiokissnoticias.com.ar\/web\/wp-json\/wp\/v2\/posts"}],"about":[{"href":"https:\/\/radiokissnoticias.com.ar\/web\/wp-json\/wp\/v2\/types\/post"}],"author":[{"embeddable":true,"href":"https:\/\/radiokissnoticias.com.ar\/web\/wp-json\/wp\/v2\/users\/2"}],"replies":[{"embeddable":true,"href":"https:\/\/radiokissnoticias.com.ar\/web\/wp-json\/wp\/v2\/comments?post=10743"}],"version-history":[{"count":2,"href":"https:\/\/radiokissnoticias.com.ar\/web\/wp-json\/wp\/v2\/posts\/10743\/revisions"}],"predecessor-version":[{"id":10746,"href":"https:\/\/radiokissnoticias.com.ar\/web\/wp-json\/wp\/v2\/posts\/10743\/revisions\/10746"}],"wp:featuredmedia":[{"embeddable":true,"href":"https:\/\/radiokissnoticias.com.ar\/web\/wp-json\/wp\/v2\/media\/10744"}],"wp:attachment":[{"href":"https:\/\/radiokissnoticias.com.ar\/web\/wp-json\/wp\/v2\/media?parent=10743"}],"wp:term":[{"taxonomy":"category","embeddable":true,"href":"https:\/\/radiokissnoticias.com.ar\/web\/wp-json\/wp\/v2\/categories?post=10743"},{"taxonomy":"post_tag","embeddable":true,"href":"https:\/\/radiokissnoticias.com.ar\/web\/wp-json\/wp\/v2\/tags?post=10743"}],"curies":[{"name":"wp","href":"https:\/\/api.w.org\/{rel}","templated":true}]}}