{"id":10737,"date":"2026-07-28T21:11:29","date_gmt":"2026-07-29T00:11:29","guid":{"rendered":"https:\/\/radiokissnoticias.com.ar\/web\/?p=10737"},"modified":"2026-07-28T21:11:29","modified_gmt":"2026-07-29T00:11:29","slug":"se-retracto-la-mujer-que-denuncio-el-supuesto-robo-de-su-bebe-en-un-hospital-de-corrientes","status":"publish","type":"post","link":"https:\/\/radiokissnoticias.com.ar\/web\/2026\/07\/28\/se-retracto-la-mujer-que-denuncio-el-supuesto-robo-de-su-bebe-en-un-hospital-de-corrientes\/","title":{"rendered":"Se retract\u00f3 la mujer que denunci\u00f3 el supuesto robo de su beb\u00e9 en un hospital de Corrientes"},"content":{"rendered":"<p>La denunciante admiti\u00f3 ante la Justicia que nunca estuvo embarazada. La informaci\u00f3n fue confirmada por el fiscal Gustavo Roubineau, titular de la Unidad Fiscal de Investigaci\u00f3n Concreta (UFIC) N.\u00ba 6 de la ciudad de Corrientes, quien inform\u00f3 que la denunciante admiti\u00f3 que el hecho que hab\u00eda expuesto p\u00fablicamente nunca ocurri\u00f3.<\/p>\n<p>La mujer que hab\u00eda denunciado el supuesto robo de un beb\u00e9 reci\u00e9n nacido en el Hospital Materno Neonatal &#8220;Elo\u00edsa Torrent de Vidal&#8221; de Corrientes se retract\u00f3 de sus dichos y reconoci\u00f3 ante la Justicia que nunca estuvo embarazada, por lo que la investigaci\u00f3n ser\u00e1 archivada.<\/p>\n<p>La informaci\u00f3n fue confirmada por el fiscal Gustavo Roubineau, titular de la Unidad Fiscal de Investigaci\u00f3n Concreta (UFIC) N.\u00ba 6, quien inform\u00f3 que la denunciante admiti\u00f3 que el hecho que hab\u00eda expuesto p\u00fablicamente nunca ocurri\u00f3.<\/p>\n<p>Tras la declaraci\u00f3n, el funcionario judicial dispuso la realizaci\u00f3n de pericias psiqui\u00e1tricas y psicol\u00f3gicas para la mujer y, de ser necesario, brindar asistencia tanto a ella como a su grupo familiar. La propia denunciante acept\u00f3 someterse a las evaluaciones y continuar con el tratamiento que los profesionales indiquen.<\/p>\n<p>Ante este nuevo escenario, Roubineau adelant\u00f3 que proceder\u00e1 al archivo del Legajo de Investigaci\u00f3n Fiscal (LIF) que se hab\u00eda iniciado de oficio tras la denuncia.<\/p>\n<p>La denuncia hab\u00eda generado una fuerte conmoci\u00f3n<\/p>\n<p>El caso tom\u00f3 estado p\u00fablico d\u00edas atr\u00e1s cuando la mujer, identificada como Jennifer L\u00f3pez, asegur\u00f3 que hab\u00eda dado a luz en marzo a un beb\u00e9 prematuro en el Hospital Materno Neonatal &#8220;Elo\u00edsa Torrent de Vidal&#8221; y que, luego de permanecer internado, le informaron que hab\u00eda fallecido.<\/p>\n<p>En distintas entrevistas period\u00edsticas sostuvo que nunca le entregaron el cuerpo del supuesto beb\u00e9 y desliz\u00f3 sospechas sobre lo ocurrido, lo que motiv\u00f3 la intervenci\u00f3n de la Justicia y del Ministerio de Salud P\u00fablica.<\/p>\n<p>Sin embargo, desde un primer momento las autoridades advirtieron que no exist\u00edan registros de un embarazo, una internaci\u00f3n o un parto en hospitales p\u00fablicos de la provincia.<\/p>\n<p>Durante la investigaci\u00f3n tambi\u00e9n se realizaron distintas diligencias que no encontraron evidencias compatibles con el relato. Entre ellas, pericias m\u00e9dicas que descartaron signos de una ces\u00e1rea o de un parto natural, adem\u00e1s de la revisi\u00f3n de registros hospitalarios y del Registro Provincial de las Personas, donde tampoco se hallaron constancias del supuesto nacimiento.<\/p>\n<p>A esto se sumaron inconsistencias en las fechas y en el relato brindado por la denunciante ante distintos medios de comunicaci\u00f3n, elementos que reforzaron las dudas sobre la veracidad de la historia.<\/p>\n<p>Con la retractaci\u00f3n de la mujer y su reconocimiento de que nunca estuvo embarazada, la causa judicial quedar\u00e1 sin efecto, mientras la Justicia avanzar\u00e1 con la asistencia profesional dispuesta para la denunciante y su entorno familiar.<\/p>\n","protected":false},"excerpt":{"rendered":"<p>La denunciante admiti\u00f3 ante la Justicia que nunca estuvo embarazada. La informaci\u00f3n fue confirmada por el fiscal Gustavo Roubineau, titular de la Unidad Fiscal de Investigaci\u00f3n Concreta (UFIC) N.\u00ba 6 de la ciudad de Corrientes, quien inform\u00f3 que la denunciante admiti\u00f3 que el hecho que hab\u00eda expuesto p\u00fablicamente nunca ocurri\u00f3. La mujer que hab\u00eda denunciado [&hellip;]<\/p>\n","protected":false},"author":2,"featured_media":10738,"comment_status":"open","ping_status":"open","sticky":false,"template":"","format":"standard","meta":{"footnotes":""},"categories":[82],"tags":[],"class_list":["post-10737","post","type-post","status-publish","format-standard","has-post-thumbnail","category-policiales"],"_links":{"self":[{"href":"https:\/\/radiokissnoticias.com.ar\/web\/wp-json\/wp\/v2\/posts\/10737","targetHints":{"allow":["GET"]}}],"collection":[{"href":"https:\/\/radiokissnoticias.com.ar\/web\/wp-json\/wp\/v2\/posts"}],"about":[{"href":"https:\/\/radiokissnoticias.com.ar\/web\/wp-json\/wp\/v2\/types\/post"}],"author":[{"embeddable":true,"href":"https:\/\/radiokissnoticias.com.ar\/web\/wp-json\/wp\/v2\/users\/2"}],"replies":[{"embeddable":true,"href":"https:\/\/radiokissnoticias.com.ar\/web\/wp-json\/wp\/v2\/comments?post=10737"}],"version-history":[{"count":1,"href":"https:\/\/radiokissnoticias.com.ar\/web\/wp-json\/wp\/v2\/posts\/10737\/revisions"}],"predecessor-version":[{"id":10739,"href":"https:\/\/radiokissnoticias.com.ar\/web\/wp-json\/wp\/v2\/posts\/10737\/revisions\/10739"}],"wp:featuredmedia":[{"embeddable":true,"href":"https:\/\/radiokissnoticias.com.ar\/web\/wp-json\/wp\/v2\/media\/10738"}],"wp:attachment":[{"href":"https:\/\/radiokissnoticias.com.ar\/web\/wp-json\/wp\/v2\/media?parent=10737"}],"wp:term":[{"taxonomy":"category","embeddable":true,"href":"https:\/\/radiokissnoticias.com.ar\/web\/wp-json\/wp\/v2\/categories?post=10737"},{"taxonomy":"post_tag","embeddable":true,"href":"https:\/\/radiokissnoticias.com.ar\/web\/wp-json\/wp\/v2\/tags?post=10737"}],"curies":[{"name":"wp","href":"https:\/\/api.w.org\/{rel}","templated":true}]}}