{"id":10733,"date":"2026-07-28T21:07:51","date_gmt":"2026-07-29T00:07:51","guid":{"rendered":"https:\/\/radiokissnoticias.com.ar\/web\/?p=10733"},"modified":"2026-07-28T21:09:56","modified_gmt":"2026-07-29T00:09:56","slug":"gobernador-aliado-de-milei-desdobla-las-elecciones-provinciales-en-tucuman","status":"publish","type":"post","link":"https:\/\/radiokissnoticias.com.ar\/web\/2026\/07\/28\/gobernador-aliado-de-milei-desdobla-las-elecciones-provinciales-en-tucuman\/","title":{"rendered":"Gobernador aliado de Milei desdobla las elecciones provinciales en Tucum\u00e1n"},"content":{"rendered":"<p>Osvaldo Jaldo, de Tucum\u00e1n, convoc\u00f3 a elecciones provinciales para el 9 de mayo de 2027, diferenci\u00e1ndose de las nacionales de octubre.<\/p>\n<p>El gobernador de Tucum\u00e1n, Osvaldo Jaldo, firm\u00f3 el decreto de convocatoria a elecciones provinciales para el 9 de mayo de 2027, tomando distancia de las nacionales de octubre, y confirm\u00f3 que, por primera vez, regir\u00e1 el requisito de &#8220;ficha limpia&#8221; para quienes aspiren a cargos electivos o funciones en la administraci\u00f3n p\u00fablica.<\/p>\n<p>Seg\u00fan inform\u00f3 la Secretar\u00eda de Comunicaci\u00f3n de Tucum\u00e1n, en los comicios se elegir\u00e1 gobernador y vice, 49 diputados provinciales, 19 intendentes y 93 comisionados comunales. La elecci\u00f3n ser\u00e1 sin primarias PASO, con boleta papel tradicional y la novedad de la &#8220;ficha limpia&#8221;.<\/p>\n<p>El mandatario tucumano, habitual aliado del Gobierno nacional, especialmente en las votaciones de sus diputados en el Congreso, se distanci\u00f3 con este desdoblamiento electoral de La Libertad Avanza (LLA), cuya dirigencia provincial critic\u00f3 la medida a trav\u00e9s de las redes sociales.<\/p>\n<p>El anuncio fue realizado en una conferencia de prensa en la Casa de Gobierno, y Jaldo estuvo acompa\u00f1ado por el vicegobernador Miguel Acevedo y la intendenta de San Miguel de Tucum\u00e1n, Rossana Chahla, tras una reuni\u00f3n del gabinete provincial.<\/p>\n<p>Jaldo explic\u00f3 que la convocatoria respeta los plazos previstos por la legislaci\u00f3n vigente y sostuvo que la fecha elegida mantiene el criterio aplicado en los procesos electorales de 2019 y 2023, por lo que rechaz\u00f3 las versiones que se\u00f1alaban un supuesto adelantamiento de los comicios.<\/p>\n<p>El gobernador, quien recientemente super\u00f3 una intervenci\u00f3n quir\u00fargica, remarc\u00f3 que la convocatoria brinda a todas las fuerzas pol\u00edticas el tiempo necesario para cumplir con el cronograma electoral y desarrollar sus procesos internos en igualdad de condiciones antes de los comicios.<\/p>\n<p>Como principal novedad, el decreto incorpora la aplicaci\u00f3n de la Ficha Limpia, que impedir\u00e1 postularse a quienes no cumplan con los requisitos establecidos por la normativa.<\/p>\n<p>&#8220;Por primera vez en la historia de la provincia este decreto contiene la Ficha Limpia&#8221;, destac\u00f3 Jaldo, quien precis\u00f3 que los candidatos y futuros funcionarios deber\u00e1n acreditar que no poseen &#8220;cuentas pendientes con la Justicia&#8221; para acceder a cargos p\u00fablicos.<\/p>\n<p>Consider\u00f3 que la medida constituye un avance institucional y sostuvo que permitir\u00e1 ofrecer mayores garant\u00edas a la ciudadan\u00eda respecto de quienes aspiren a ejercer funciones p\u00fablicas.<\/p>\n<p>Durante la conferencia, Jaldo tambi\u00e9n defendi\u00f3 el proceso de reforma pol\u00edtica impulsado por su administraci\u00f3n y destac\u00f3 la eliminaci\u00f3n de los partidos municipales, que redujo significativamente la cantidad de fuerzas habilitadas en la provincia.<\/p>\n<p>Asimismo, se\u00f1al\u00f3 que la incorporaci\u00f3n de la boleta \u00fanica y otras modificaciones al sistema electoral fueron producto de consensos pol\u00edticos y rechaz\u00f3 que las reformas respondan a especulaciones electorales.<\/p>\n<p>Finalmente, sostuvo que los cambios en las reglas de juego deben surgir del acuerdo entre las distintas fuerzas pol\u00edticas y afirm\u00f3 que Tucum\u00e1n continuar\u00e1 avanzando en ese camino de manera gradual.<\/p>\n<p>Cr\u00edticas de La Libertad Avanza<\/p>\n<p>Por su parte LLA de esa provincia, dijo que mientras Jaldo convoca a elecciones desdobladas de las nacionales \u201clos tucumanos siguen esperando gesti\u00f3n, crecimiento y soluciones\u201d.<\/p>\n<p>\u201cEl a\u00f1o que viene se elige entre seguir con d\u00e9cadas de atraso o empezar el cambio que Tucum\u00e1n necesita\u201d, manifest\u00f3 en un video en redes sociales Lisandro Catal\u00e1n, ex ministro del Interior y titular de LLA provincial.<\/p>\n<p>\u201cDesde La Libertad Avanza proponemos algo simple: terminar con los acoples y competir con una lista \u00fanica por espacio pol\u00edtico. Menos gasto, m\u00e1s transparencia y reglas claras para todos.\u201d, a\u00f1adi\u00f3 Catal\u00e1n.<\/p>\n","protected":false},"excerpt":{"rendered":"<p>Osvaldo Jaldo, de Tucum\u00e1n, convoc\u00f3 a elecciones provinciales para el 9 de mayo de 2027, diferenci\u00e1ndose de las nacionales de octubre. El gobernador de Tucum\u00e1n, Osvaldo Jaldo, firm\u00f3 el decreto de convocatoria a elecciones provinciales para el 9 de mayo de 2027, tomando distancia de las nacionales de octubre, y confirm\u00f3 que, por primera vez, [&hellip;]<\/p>\n","protected":false},"author":2,"featured_media":10736,"comment_status":"open","ping_status":"open","sticky":false,"template":"","format":"standard","meta":{"footnotes":""},"categories":[81],"tags":[],"class_list":["post-10733","post","type-post","status-publish","format-standard","has-post-thumbnail","category-politica"],"_links":{"self":[{"href":"https:\/\/radiokissnoticias.com.ar\/web\/wp-json\/wp\/v2\/posts\/10733","targetHints":{"allow":["GET"]}}],"collection":[{"href":"https:\/\/radiokissnoticias.com.ar\/web\/wp-json\/wp\/v2\/posts"}],"about":[{"href":"https:\/\/radiokissnoticias.com.ar\/web\/wp-json\/wp\/v2\/types\/post"}],"author":[{"embeddable":true,"href":"https:\/\/radiokissnoticias.com.ar\/web\/wp-json\/wp\/v2\/users\/2"}],"replies":[{"embeddable":true,"href":"https:\/\/radiokissnoticias.com.ar\/web\/wp-json\/wp\/v2\/comments?post=10733"}],"version-history":[{"count":1,"href":"https:\/\/radiokissnoticias.com.ar\/web\/wp-json\/wp\/v2\/posts\/10733\/revisions"}],"predecessor-version":[{"id":10735,"href":"https:\/\/radiokissnoticias.com.ar\/web\/wp-json\/wp\/v2\/posts\/10733\/revisions\/10735"}],"wp:featuredmedia":[{"embeddable":true,"href":"https:\/\/radiokissnoticias.com.ar\/web\/wp-json\/wp\/v2\/media\/10736"}],"wp:attachment":[{"href":"https:\/\/radiokissnoticias.com.ar\/web\/wp-json\/wp\/v2\/media?parent=10733"}],"wp:term":[{"taxonomy":"category","embeddable":true,"href":"https:\/\/radiokissnoticias.com.ar\/web\/wp-json\/wp\/v2\/categories?post=10733"},{"taxonomy":"post_tag","embeddable":true,"href":"https:\/\/radiokissnoticias.com.ar\/web\/wp-json\/wp\/v2\/tags?post=10733"}],"curies":[{"name":"wp","href":"https:\/\/api.w.org\/{rel}","templated":true}]}}