{"id":10726,"date":"2026-07-28T21:03:56","date_gmt":"2026-07-29T00:03:56","guid":{"rendered":"https:\/\/radiokissnoticias.com.ar\/web\/?p=10726"},"modified":"2026-07-28T21:03:56","modified_gmt":"2026-07-29T00:03:56","slug":"a-42-anos-de-su-fallecimiento-recordaron-a-monsenor-devoto-con-celebracion-en-las-tres-cruces","status":"publish","type":"post","link":"https:\/\/radiokissnoticias.com.ar\/web\/2026\/07\/28\/a-42-anos-de-su-fallecimiento-recordaron-a-monsenor-devoto-con-celebracion-en-las-tres-cruces\/","title":{"rendered":"A 42 a\u00f1os de su fallecimiento, recordaron a Monse\u00f1or Devoto con celebraci\u00f3n en Las Tres Cruces"},"content":{"rendered":"<p>La di\u00f3cesis de Goya record\u00f3 este martes el 42\u00b0 aniversario del fallecimiento de Monse\u00f1or Alberto Devoto, con una celebraci\u00f3n en el sitio del tr\u00e1gico accidente. A las 10, numerosos fieles participaron de un responso en el monumento de Las Tres Cruces, ubicado en el km 708 de la Ruta Nacional N\u00ba 12, en jurisdicci\u00f3n de Esquina, donde el obispo perdi\u00f3 la vida el 28 de julio de 1984. Las actividades continuar\u00e1n por la noche con la celebraci\u00f3n de la Misa en la Iglesia Catedral de Goya.<\/p>\n<p><img loading=\"lazy\" decoding=\"async\" class=\"\" src=\"https:\/\/www.powernoticias.com\/images\/202607281943286072\" width=\"664\" height=\"374\" \/><\/p>\n<p>La oraci\u00f3n fue presidida por los sacerdotes Rub\u00e9n Cattay y Pedro Pablo Ojeda, acompa\u00f1ados por di\u00e1conos de la di\u00f3cesis.<\/p>\n<p>Hubo un momento de profundo recogimiento cuando \u00c1lvaro Pe\u00f1a recit\u00f3 unas palabras en homenaje a Monse\u00f1or Devoto, evocando su vida, su obra y el legado que dej\u00f3 en la Iglesia y en toda la regi\u00f3n.<\/p>\n<p>Las actividades continuar\u00e1n por la noche con la celebraci\u00f3n de la Santa Misa y responso en la Iglesia Catedral de Goya, donde la comunidad vuelve a reunirse para elevar una oraci\u00f3n en memoria del recordado pastor.<\/p>\n","protected":false},"excerpt":{"rendered":"<p>La di\u00f3cesis de Goya record\u00f3 este martes el 42\u00b0 aniversario del fallecimiento de Monse\u00f1or Alberto Devoto, con una celebraci\u00f3n en el sitio del tr\u00e1gico accidente. A las 10, numerosos fieles participaron de un responso en el monumento de Las Tres Cruces, ubicado en el km 708 de la Ruta Nacional N\u00ba 12, en jurisdicci\u00f3n de [&hellip;]<\/p>\n","protected":false},"author":2,"featured_media":10727,"comment_status":"open","ping_status":"open","sticky":false,"template":"","format":"standard","meta":{"footnotes":""},"categories":[77],"tags":[],"class_list":["post-10726","post","type-post","status-publish","format-standard","has-post-thumbnail","category-local"],"_links":{"self":[{"href":"https:\/\/radiokissnoticias.com.ar\/web\/wp-json\/wp\/v2\/posts\/10726","targetHints":{"allow":["GET"]}}],"collection":[{"href":"https:\/\/radiokissnoticias.com.ar\/web\/wp-json\/wp\/v2\/posts"}],"about":[{"href":"https:\/\/radiokissnoticias.com.ar\/web\/wp-json\/wp\/v2\/types\/post"}],"author":[{"embeddable":true,"href":"https:\/\/radiokissnoticias.com.ar\/web\/wp-json\/wp\/v2\/users\/2"}],"replies":[{"embeddable":true,"href":"https:\/\/radiokissnoticias.com.ar\/web\/wp-json\/wp\/v2\/comments?post=10726"}],"version-history":[{"count":1,"href":"https:\/\/radiokissnoticias.com.ar\/web\/wp-json\/wp\/v2\/posts\/10726\/revisions"}],"predecessor-version":[{"id":10728,"href":"https:\/\/radiokissnoticias.com.ar\/web\/wp-json\/wp\/v2\/posts\/10726\/revisions\/10728"}],"wp:featuredmedia":[{"embeddable":true,"href":"https:\/\/radiokissnoticias.com.ar\/web\/wp-json\/wp\/v2\/media\/10727"}],"wp:attachment":[{"href":"https:\/\/radiokissnoticias.com.ar\/web\/wp-json\/wp\/v2\/media?parent=10726"}],"wp:term":[{"taxonomy":"category","embeddable":true,"href":"https:\/\/radiokissnoticias.com.ar\/web\/wp-json\/wp\/v2\/categories?post=10726"},{"taxonomy":"post_tag","embeddable":true,"href":"https:\/\/radiokissnoticias.com.ar\/web\/wp-json\/wp\/v2\/tags?post=10726"}],"curies":[{"name":"wp","href":"https:\/\/api.w.org\/{rel}","templated":true}]}}