{"id":10650,"date":"2026-07-27T19:50:28","date_gmt":"2026-07-27T22:50:28","guid":{"rendered":"https:\/\/radiokissnoticias.com.ar\/web\/?p=10650"},"modified":"2026-07-27T19:50:28","modified_gmt":"2026-07-27T22:50:28","slug":"la-municipalidad-de-goya-lleva-dispositivos-medicos-asistencial-a-la-zona-rural","status":"publish","type":"post","link":"https:\/\/radiokissnoticias.com.ar\/web\/2026\/07\/27\/la-municipalidad-de-goya-lleva-dispositivos-medicos-asistencial-a-la-zona-rural\/","title":{"rendered":"La Municipalidad de Goya lleva dispositivos m\u00e9dicos asistencial a la zona rural"},"content":{"rendered":"<p>Tras la feria administrativa y el receso invernal, a partir de este martes 28 se reanudan los operativos m\u00e9dicos asistenciales destinados a reforzar la Atenci\u00f3n Primaria de la Salud y la Asistencia a las familias de la zona rural, del Departamento Goya.<\/p>\n<p>En la continuidad del programa establecido, los d\u00edas martes y jueves Municipio y Provincia concurrir\u00e1n a diferentes parajes de la zona rural para cumplir con el objetivo de acercar salud, asistencia y estar cerca de los pobladores del campo.<\/p>\n<p>En la reanudaci\u00f3n del esquema previsto, martes en el Paraje Colonia Timb\u00f3 y el jueves en Manantiales, a partir de las 9 horas.<\/p>\n<p><b>MARTES 28<br \/>\n<\/b><br \/>\nEl equipo de Salud de la Municipalidad de Goya, conformado por el m\u00e9dico, enfermeros, personal de farmacia, brindar\u00e1n la atenci\u00f3n correspondiente en Colonia Timbo, a partir de las 9 horas, donde se efectuar\u00e1n los respectivos controles.<\/p>\n<p>El dispositivo se completa con la presencia del personal de la Delegaci\u00f3n Local de Desarrollo Social, para la entrega de M\u00f3dulos Alimentarios, insumos para los bio potabilizadores de agua y las semillas del programa Jakaru Pora 2.0.<\/p>\n<p><b>JUEVES 30<\/b><\/p>\n<p>Similar operativo se desplegar\u00e1 el jueves, desde las 9 horas en el Paraje Manantiales, 3\u00aa Secci\u00f3n, Departamento Goya.<\/p>\n<p>Direcci\u00f3n de Prensa-Municipalidad de Goya<\/p>\n","protected":false},"excerpt":{"rendered":"<p>Tras la feria administrativa y el receso invernal, a partir de este martes 28 se reanudan los operativos m\u00e9dicos asistenciales destinados a reforzar la Atenci\u00f3n Primaria de la Salud y la Asistencia a las familias de la zona rural, del Departamento Goya. En la continuidad del programa establecido, los d\u00edas martes y jueves Municipio y [&hellip;]<\/p>\n","protected":false},"author":2,"featured_media":10651,"comment_status":"open","ping_status":"open","sticky":false,"template":"","format":"standard","meta":{"footnotes":""},"categories":[77],"tags":[],"class_list":["post-10650","post","type-post","status-publish","format-standard","has-post-thumbnail","category-local"],"_links":{"self":[{"href":"https:\/\/radiokissnoticias.com.ar\/web\/wp-json\/wp\/v2\/posts\/10650","targetHints":{"allow":["GET"]}}],"collection":[{"href":"https:\/\/radiokissnoticias.com.ar\/web\/wp-json\/wp\/v2\/posts"}],"about":[{"href":"https:\/\/radiokissnoticias.com.ar\/web\/wp-json\/wp\/v2\/types\/post"}],"author":[{"embeddable":true,"href":"https:\/\/radiokissnoticias.com.ar\/web\/wp-json\/wp\/v2\/users\/2"}],"replies":[{"embeddable":true,"href":"https:\/\/radiokissnoticias.com.ar\/web\/wp-json\/wp\/v2\/comments?post=10650"}],"version-history":[{"count":1,"href":"https:\/\/radiokissnoticias.com.ar\/web\/wp-json\/wp\/v2\/posts\/10650\/revisions"}],"predecessor-version":[{"id":10652,"href":"https:\/\/radiokissnoticias.com.ar\/web\/wp-json\/wp\/v2\/posts\/10650\/revisions\/10652"}],"wp:featuredmedia":[{"embeddable":true,"href":"https:\/\/radiokissnoticias.com.ar\/web\/wp-json\/wp\/v2\/media\/10651"}],"wp:attachment":[{"href":"https:\/\/radiokissnoticias.com.ar\/web\/wp-json\/wp\/v2\/media?parent=10650"}],"wp:term":[{"taxonomy":"category","embeddable":true,"href":"https:\/\/radiokissnoticias.com.ar\/web\/wp-json\/wp\/v2\/categories?post=10650"},{"taxonomy":"post_tag","embeddable":true,"href":"https:\/\/radiokissnoticias.com.ar\/web\/wp-json\/wp\/v2\/tags?post=10650"}],"curies":[{"name":"wp","href":"https:\/\/api.w.org\/{rel}","templated":true}]}}