{"id":10647,"date":"2026-07-27T19:48:41","date_gmt":"2026-07-27T22:48:41","guid":{"rendered":"https:\/\/radiokissnoticias.com.ar\/web\/?p=10647"},"modified":"2026-07-27T19:48:41","modified_gmt":"2026-07-27T22:48:41","slug":"se-reinicia-el-juicio-por-el-caso-loan-seran-tres-dias-de-testimoniales","status":"publish","type":"post","link":"https:\/\/radiokissnoticias.com.ar\/web\/2026\/07\/27\/se-reinicia-el-juicio-por-el-caso-loan-seran-tres-dias-de-testimoniales\/","title":{"rendered":"Se reinicia el juicio por el caso Loan: ser\u00e1n tres d\u00edas de testimoniales"},"content":{"rendered":"<p>Luego de dos semanas de receso, este martes 28 de julio se reiniciar\u00e1 el juicio por el caso de la desaparici\u00f3n de Loan Danilo Pe\u00f1a, ocurrido en junio del 2024. Esta semana se llevar\u00e1 a cabo tres jornadas de debate con importantes testimoniales que se desarrolla en la sala de audiencia de Corrientes.<\/p>\n<p>El juicio por la desaparici\u00f3n de Loan Danilo Pe\u00f1a se retomar\u00e1 este martes 28 de julio, desde las 9.30, luego de permanecer suspendido durante dos semanas por el receso judicial<\/p>\n<p>Esta semana se realizar\u00e1n tres jornadas consecutivas de debate: martes, mi\u00e9rcoles y jueves. De acuerdo a la informaci\u00f3n brindada por el periodista Rafael Palacios, est\u00e1 previsto que declaren cuatro testigos por d\u00eda, principalmente personas convocadas a pedido de la Fiscal\u00eda.<\/p>\n<p>Para la primera audiencia fueron citados Virgilio Medina, V\u00edctor Gustavo Fern\u00e1ndez, Mariano Hern\u00e1n \u201cLoro\u201d Duarte y Hugo Daniel Alegre.<\/p>\n<p><b>Declarar\u00e1 uno de los polic\u00edas que intervino en la b\u00fasqueda<\/b><\/p>\n<p>Uno de los testimonios que genera mayor expectativa es el de Mariano Hern\u00e1n Duarte, uno de los polic\u00edas que habr\u00eda recibido informaci\u00f3n sobre la desaparici\u00f3n del ni\u00f1o durante las primeras horas de b\u00fasqueda.<\/p>\n<p>Su declaraci\u00f3n podr\u00eda aportar detalles sobre la falsa alarma que se produjo durante la madrugada posterior a la desaparici\u00f3n, cuando comenz\u00f3 a circular la versi\u00f3n de que Loan hab\u00eda sido encontrado con vida.<\/p>\n<p>La noticia provoc\u00f3 que numerosas personas se trasladaran hasta la casa de Catalina Pe\u00f1a, abuela del menor. Sin embargo, poco despu\u00e9s se confirm\u00f3 que se trataba de informaci\u00f3n falsa.<\/p>\n<p>Una de las versiones se\u00f1ala que la confusi\u00f3n se habr\u00eda originado luego de que c\u00e1maras t\u00e9rmicas instaladas en drones detectaran un animal en la zona, que inicialmente habr\u00eda sido confundido con una persona. La situaci\u00f3n nunca fue esclarecida completamente y podr\u00eda formar parte de las preguntas durante la audiencia.<\/p>\n<p>Tambi\u00e9n se espera la declaraci\u00f3n de un testigo que asegur\u00f3 haber observado un veh\u00edculo detenido al costado de la Ruta Nacional 12, cerca del acceso hacia la localidad de 9 de Julio y del camino que conduce al paraje Algarrobal.<\/p>\n<p>Ese dato fue investigado durante las primeras semanas posteriores a la desaparici\u00f3n, aunque posteriormente perdi\u00f3 relevancia dentro de la causa.<br \/>\n<b><br \/>\nEl juicio continuar\u00e1 con una modalidad semanal<\/b><\/p>\n<p>El cronograma establece que las audiencias se desarrollar\u00e1n durante tres d\u00edas esta semana. La semana siguiente, en tanto, el debate continuar\u00eda durante el martes y mi\u00e9rcoles.<\/p>\n<p>Esta modalidad se mantendr\u00eda hasta que finalice la ronda de declaraciones y se avance hacia la etapa de alegatos.<\/p>\n<p>La \u00faltima audiencia antes del receso termin\u00f3 en medio de fuertes cruces entre representantes de la Fiscal\u00eda y abogados defensores. Ante las discusiones, el presidente del tribunal debi\u00f3 pedir orden para continuar con el debate.<\/p>\n<p>Las defensas volvieron a cuestionar diferentes aspectos de la instrucci\u00f3n de la causa y plantearon presuntas irregularidades. No obstante, el tribunal ya rechaz\u00f3 los pedidos de nulidad presentados durante el inicio del juicio.<\/p>\n","protected":false},"excerpt":{"rendered":"<p>Luego de dos semanas de receso, este martes 28 de julio se reiniciar\u00e1 el juicio por el caso de la desaparici\u00f3n de Loan Danilo Pe\u00f1a, ocurrido en junio del 2024. Esta semana se llevar\u00e1 a cabo tres jornadas de debate con importantes testimoniales que se desarrolla en la sala de audiencia de Corrientes. El juicio [&hellip;]<\/p>\n","protected":false},"author":2,"featured_media":10648,"comment_status":"open","ping_status":"open","sticky":false,"template":"","format":"standard","meta":{"footnotes":""},"categories":[82],"tags":[],"class_list":["post-10647","post","type-post","status-publish","format-standard","has-post-thumbnail","category-policiales"],"_links":{"self":[{"href":"https:\/\/radiokissnoticias.com.ar\/web\/wp-json\/wp\/v2\/posts\/10647","targetHints":{"allow":["GET"]}}],"collection":[{"href":"https:\/\/radiokissnoticias.com.ar\/web\/wp-json\/wp\/v2\/posts"}],"about":[{"href":"https:\/\/radiokissnoticias.com.ar\/web\/wp-json\/wp\/v2\/types\/post"}],"author":[{"embeddable":true,"href":"https:\/\/radiokissnoticias.com.ar\/web\/wp-json\/wp\/v2\/users\/2"}],"replies":[{"embeddable":true,"href":"https:\/\/radiokissnoticias.com.ar\/web\/wp-json\/wp\/v2\/comments?post=10647"}],"version-history":[{"count":1,"href":"https:\/\/radiokissnoticias.com.ar\/web\/wp-json\/wp\/v2\/posts\/10647\/revisions"}],"predecessor-version":[{"id":10649,"href":"https:\/\/radiokissnoticias.com.ar\/web\/wp-json\/wp\/v2\/posts\/10647\/revisions\/10649"}],"wp:featuredmedia":[{"embeddable":true,"href":"https:\/\/radiokissnoticias.com.ar\/web\/wp-json\/wp\/v2\/media\/10648"}],"wp:attachment":[{"href":"https:\/\/radiokissnoticias.com.ar\/web\/wp-json\/wp\/v2\/media?parent=10647"}],"wp:term":[{"taxonomy":"category","embeddable":true,"href":"https:\/\/radiokissnoticias.com.ar\/web\/wp-json\/wp\/v2\/categories?post=10647"},{"taxonomy":"post_tag","embeddable":true,"href":"https:\/\/radiokissnoticias.com.ar\/web\/wp-json\/wp\/v2\/tags?post=10647"}],"curies":[{"name":"wp","href":"https:\/\/api.w.org\/{rel}","templated":true}]}}