{"id":10635,"date":"2026-07-27T19:40:12","date_gmt":"2026-07-27T22:40:12","guid":{"rendered":"https:\/\/radiokissnoticias.com.ar\/web\/?p=10635"},"modified":"2026-07-27T19:40:12","modified_gmt":"2026-07-27T22:40:12","slug":"natalia-de-la-sota-rechazo-los-dichos-de-milei-sobre-lula-y-aseguro-que-su-conducta-no-representa-al-pueblo-argentino","status":"publish","type":"post","link":"https:\/\/radiokissnoticias.com.ar\/web\/2026\/07\/27\/natalia-de-la-sota-rechazo-los-dichos-de-milei-sobre-lula-y-aseguro-que-su-conducta-no-representa-al-pueblo-argentino\/","title":{"rendered":"Natalia de la Sota rechaz\u00f3 los dichos de Milei sobre Lula y asegur\u00f3 que su conducta \u201cno representa al pueblo argentino\u201d"},"content":{"rendered":"<p>La diputada nacional por C\u00f3rdoba sostuvo que el Presidente \u201cconvirti\u00f3 la violencia verbal y la descalificaci\u00f3n en una forma de hacer pol\u00edtica\u201d.<\/p>\n<p>La diputada nacional por Defendamos C\u00f3rdoba (DC) Natalia de la Sota cruz\u00f3 al presidente Javier Milei, luego de que \u00e9ste le adjudicara a Brasil el financiamiento de la campa\u00f1a anti Argentina, que se instal\u00f3 durante el Mundial 2026, y asegur\u00f3 que su conducta \u201cno representa al pueblo argentino\u201d.<\/p>\n<p>Desde sus redes sociales, la legisladora manifest\u00f3 que es &#8220;inaceptable&#8221; la seguidilla de insultos que propici\u00f3 el mandatario argentino contra su par brasile\u00f1o, Luiz In\u00e0cio \u2018Lula\u2019 da Silva, un &#8220;presidente democr\u00e1tico&#8221;.<\/p>\n<p>&#8220;Es una conducta irresponsable que no representa al pueblo argentino. Milei convirti\u00f3 la violencia verbal y la descalificaci\u00f3n en una forma de hacer pol\u00edtica. Ataca al adversario, degrada el debate democr\u00e1tico y reemplaza la seriedad institucional por la provocaci\u00f3n permanente&#8221;, se\u00f1al\u00f3 De la Sota.<\/p>\n<p>Asimismo, la diputada asever\u00f3 que Brasil &#8220;no solo es un pa\u00eds hermano&#8221;, sino que es &#8220;un socio estrat\u00e9gico fundamental&#8221; para Argentina y que, por ese motivo, las agresiones a Lula, a sus instituciones democr\u00e1ticas y al pueblo brasile\u00f1o &#8220;son inadmisibles&#8221;.<\/p>\n<p>La opini\u00f3n de la diputada nacional sobre el presidente y el Gobierno Nacional es cr\u00edtica y de rechazo absoluto, tanto en lo econ\u00f3mico como en lo pol\u00edtico y lo social: desde el inicio de la gesti\u00f3n de La Libertad Avanza (LLA), se diferenci\u00f3 del oficialismo y consolid\u00f3 su propia fuerza pol\u00edtica, Defendamos C\u00f3rdoba.<\/p>\n<p>En varias oportunidades, calific\u00f3 al plan econ\u00f3mico de Milei y Luis Caputo como &#8220;regresivo, antifederal y socialmente injusto&#8221;, al mismo tiempo en que asegur\u00f3 que el &#8220;d\u00e9ficit cero&#8221; es algo falso, a costa del &#8220;sufrimiento de los jubilados, el desfinanciamiento de las universidades p\u00fablicas y el abandono a personas con discapacidad&#8221;.<\/p>\n<p>Tambi\u00e9n, denunci\u00f3 que el oficialismo es &#8220;el m\u00e1s antifederal de la democracia argentina&#8221; por ahogar a las econom\u00edas provinciales y eliminar unilateralmente el env\u00edo de fondos a las mismas.<\/p>\n<p>Paralelamente, demostr\u00f3 en el Congreso Nacional una coherencia muy marcada por votar sistem\u00e1ticamente &#8220;en contra&#8221; de los proyectos del Poder Ejecutivo, como la Ley Bases, el DNU y la reforma laboral. Adem\u00e1s, se\u00f1al\u00f3 que votar a favor de Milei &#8220;es hacerle da\u00f1o al pa\u00eds y a C\u00f3rdoba&#8221;.<\/p>\n<p>Por otra parte, de la Sota, le solicit\u00f3 &#8220;mayor firmeza&#8221; tanto a gobernadores, como a sectores peronistas construir una nueva alternativa pol\u00edtica federal, basada en la producci\u00f3n y el trabajo, frente al ajuste que lleva adelante el Gobierno de Milei.<\/p>\n<p>Asimismo, y en reiteradas oportunidades, repudia categ\u00f3ricamente las formas institucionales del mandatario, como los insultos dirigidos hacia Lula: &#8220;Este comportamiento merece un repudio categ\u00f3rico y un rechazo absoluto, sin excusas, atenuantes ni condicionamientos&#8221;, concluy\u00f3.<\/p>\n","protected":false},"excerpt":{"rendered":"<p>La diputada nacional por C\u00f3rdoba sostuvo que el Presidente \u201cconvirti\u00f3 la violencia verbal y la descalificaci\u00f3n en una forma de hacer pol\u00edtica\u201d. La diputada nacional por Defendamos C\u00f3rdoba (DC) Natalia de la Sota cruz\u00f3 al presidente Javier Milei, luego de que \u00e9ste le adjudicara a Brasil el financiamiento de la campa\u00f1a anti Argentina, que se [&hellip;]<\/p>\n","protected":false},"author":2,"featured_media":10636,"comment_status":"open","ping_status":"open","sticky":false,"template":"","format":"standard","meta":{"footnotes":""},"categories":[81],"tags":[],"class_list":["post-10635","post","type-post","status-publish","format-standard","has-post-thumbnail","category-politica"],"_links":{"self":[{"href":"https:\/\/radiokissnoticias.com.ar\/web\/wp-json\/wp\/v2\/posts\/10635","targetHints":{"allow":["GET"]}}],"collection":[{"href":"https:\/\/radiokissnoticias.com.ar\/web\/wp-json\/wp\/v2\/posts"}],"about":[{"href":"https:\/\/radiokissnoticias.com.ar\/web\/wp-json\/wp\/v2\/types\/post"}],"author":[{"embeddable":true,"href":"https:\/\/radiokissnoticias.com.ar\/web\/wp-json\/wp\/v2\/users\/2"}],"replies":[{"embeddable":true,"href":"https:\/\/radiokissnoticias.com.ar\/web\/wp-json\/wp\/v2\/comments?post=10635"}],"version-history":[{"count":1,"href":"https:\/\/radiokissnoticias.com.ar\/web\/wp-json\/wp\/v2\/posts\/10635\/revisions"}],"predecessor-version":[{"id":10637,"href":"https:\/\/radiokissnoticias.com.ar\/web\/wp-json\/wp\/v2\/posts\/10635\/revisions\/10637"}],"wp:featuredmedia":[{"embeddable":true,"href":"https:\/\/radiokissnoticias.com.ar\/web\/wp-json\/wp\/v2\/media\/10636"}],"wp:attachment":[{"href":"https:\/\/radiokissnoticias.com.ar\/web\/wp-json\/wp\/v2\/media?parent=10635"}],"wp:term":[{"taxonomy":"category","embeddable":true,"href":"https:\/\/radiokissnoticias.com.ar\/web\/wp-json\/wp\/v2\/categories?post=10635"},{"taxonomy":"post_tag","embeddable":true,"href":"https:\/\/radiokissnoticias.com.ar\/web\/wp-json\/wp\/v2\/tags?post=10635"}],"curies":[{"name":"wp","href":"https:\/\/api.w.org\/{rel}","templated":true}]}}