{"id":10628,"date":"2026-07-27T19:36:55","date_gmt":"2026-07-27T22:36:55","guid":{"rendered":"https:\/\/radiokissnoticias.com.ar\/web\/?p=10628"},"modified":"2026-07-27T19:36:55","modified_gmt":"2026-07-27T22:36:55","slug":"curuzu-cuatia-trasladaron-al-camionero-imputado-por-la-retencion-de-la-menor","status":"publish","type":"post","link":"https:\/\/radiokissnoticias.com.ar\/web\/2026\/07\/27\/curuzu-cuatia-trasladaron-al-camionero-imputado-por-la-retencion-de-la-menor\/","title":{"rendered":"Curuz\u00fa Cuati\u00e1: trasladaron al camionero imputado por la retenci\u00f3n de la menor"},"content":{"rendered":"<p>Tras el intenso operativo que permiti\u00f3 hallar sana y salva a la adolescente de 17 a\u00f1os en Paso de los Libres, la Polic\u00eda de Corrientes concret\u00f3 en las \u00faltimas horas el traslado del \u00fanico detenido de la causa: un camionero de 32 a\u00f1os oriundo de Misiones, imputado por retener a la joven por m\u00e1s de 24 horas. Un segundo chofer permanece en calidad de demorado y no se descarta que pueda recuperar su libertad en las pr\u00f3ximas horas.<\/p>\n<p>El procedimiento fue confirmado oficialmente por la Unidad Regional III (UR-III), luego de que la investigaci\u00f3n \u2014impulsada tras la activaci\u00f3n de la Alerta Sof\u00eda\u2014 lograra reconstruir el recorrido de la menor y ubicar tanto a la v\u00edctima como al sospechoso en la ciudad fronteriza.<\/p>\n<p><b>An\u00e1lisis de c\u00e1maras y rastreo de antenas<\/b><\/p>\n<div>\nDe acuerdo a la informaci\u00f3n difundida hoy por la UR-III, la causa inici\u00f3 el pasado viernes, cuando la madre de la menor radic\u00f3 la denuncia por ausencia de domicilio en la Comisar\u00eda de la Mujer y el Menor de Curuz\u00fa Cuati\u00e1. Ante la premura del caso, el Fiscal de Instrucci\u00f3n en turno, Oscar Ca\u00f1ete, activ\u00f3 la Alerta Sof\u00eda y despleg\u00f3 los protocolos de b\u00fasqueda urgente.<\/p>\n<p>El trabajo articulado entre las dependencias de la Polic\u00eda de Corrientes result\u00f3 determinante para la localizaci\u00f3n de la adolescente:<\/p>\n<p>Revisi\u00f3n de c\u00e1maras: el an\u00e1lisis de los registros de videovigilancia p\u00fablicos y privados de Curuz\u00fa Cuati\u00e1 permiti\u00f3 comprobar que la joven parti\u00f3 desde el Acceso Oeste de la ciudad a bordo de un cami\u00f3n tipo semirremolque.<\/p><\/div>\n<div>\nCruce de l\u00edneas telef\u00f3nicas: tareas de inteligencia llevadas a cabo en conjunto con las Direcciones Generales de la fuerza y la UR-III detectaron el impacto de la se\u00f1al telef\u00f3nica en una antena de Paso de los Libres, lo que orient\u00f3 los rastrillajes hacia esa zona de frontera.<\/div>\n<div>\n<b>Hallazgo y detenci\u00f3n del sospechoso<\/b><\/div>\n<div>\nCon el dato preciso, comisiones operativas de las Unidades Regionales III (Curuz\u00fa Cuati\u00e1) y IV (Paso de los Libres) desplegaron un amplio dispositivo que culmin\u00f3 el domingo por la ma\u00f1ana, cuando hallaron a la menor en las afueras de Paso de los Libres. La joven fue asistida en el hospital local en buen estado de salud y posteriormente restituida a su familia en Curuz\u00fa Cuati\u00e1.<\/p>\n<p>De forma paralela, los efectivos localizaron al chofer involucrado en una playa de estacionamiento de camiones junto al veh\u00edculo identificado. Se trata de un hombre de 32 a\u00f1os, identificado como A R, oriundo de la localidad de San Carlos, Provincia de Misiones.<\/p>\n<p><b>Imputado y a disposici\u00f3n de la Justicia<\/b><\/div>\n<div>\nDurante la noche del domingo, una comisi\u00f3n de la Divisi\u00f3n de Investigaci\u00f3n Criminal (DIC) de Curuz\u00fa Cuati\u00e1 viaj\u00f3 a Paso de los Libres para dar cumplimiento al oficio judicial emitido por el fiscal Ca\u00f1ete y concretar el traslado del acusado.<\/p>\n<p>Actualmente, el transportista misionero se encuentra alojado en la Alcald\u00eda de la Comisar\u00eda Primera de Curuz\u00fa Cuati\u00e1. La Justicia avanza en las actuaciones para determinar su grado de responsabilidad procesal, mientras se lo investiga formalmente por la privaci\u00f3n e ileg\u00edtima retenci\u00f3n de la menor durante m\u00e1s de un d\u00eda.<\/p><\/div>\n","protected":false},"excerpt":{"rendered":"<p>Tras el intenso operativo que permiti\u00f3 hallar sana y salva a la adolescente de 17 a\u00f1os en Paso de los Libres, la Polic\u00eda de Corrientes concret\u00f3 en las \u00faltimas horas el traslado del \u00fanico detenido de la causa: un camionero de 32 a\u00f1os oriundo de Misiones, imputado por retener a la joven por m\u00e1s de [&hellip;]<\/p>\n","protected":false},"author":2,"featured_media":10629,"comment_status":"open","ping_status":"open","sticky":false,"template":"","format":"standard","meta":{"footnotes":""},"categories":[82],"tags":[],"class_list":["post-10628","post","type-post","status-publish","format-standard","has-post-thumbnail","category-policiales"],"_links":{"self":[{"href":"https:\/\/radiokissnoticias.com.ar\/web\/wp-json\/wp\/v2\/posts\/10628","targetHints":{"allow":["GET"]}}],"collection":[{"href":"https:\/\/radiokissnoticias.com.ar\/web\/wp-json\/wp\/v2\/posts"}],"about":[{"href":"https:\/\/radiokissnoticias.com.ar\/web\/wp-json\/wp\/v2\/types\/post"}],"author":[{"embeddable":true,"href":"https:\/\/radiokissnoticias.com.ar\/web\/wp-json\/wp\/v2\/users\/2"}],"replies":[{"embeddable":true,"href":"https:\/\/radiokissnoticias.com.ar\/web\/wp-json\/wp\/v2\/comments?post=10628"}],"version-history":[{"count":1,"href":"https:\/\/radiokissnoticias.com.ar\/web\/wp-json\/wp\/v2\/posts\/10628\/revisions"}],"predecessor-version":[{"id":10630,"href":"https:\/\/radiokissnoticias.com.ar\/web\/wp-json\/wp\/v2\/posts\/10628\/revisions\/10630"}],"wp:featuredmedia":[{"embeddable":true,"href":"https:\/\/radiokissnoticias.com.ar\/web\/wp-json\/wp\/v2\/media\/10629"}],"wp:attachment":[{"href":"https:\/\/radiokissnoticias.com.ar\/web\/wp-json\/wp\/v2\/media?parent=10628"}],"wp:term":[{"taxonomy":"category","embeddable":true,"href":"https:\/\/radiokissnoticias.com.ar\/web\/wp-json\/wp\/v2\/categories?post=10628"},{"taxonomy":"post_tag","embeddable":true,"href":"https:\/\/radiokissnoticias.com.ar\/web\/wp-json\/wp\/v2\/tags?post=10628"}],"curies":[{"name":"wp","href":"https:\/\/api.w.org\/{rel}","templated":true}]}}