{"id":10565,"date":"2026-07-26T21:37:20","date_gmt":"2026-07-27T00:37:20","guid":{"rendered":"https:\/\/radiokissnoticias.com.ar\/web\/?p=10565"},"modified":"2026-07-26T21:37:20","modified_gmt":"2026-07-27T00:37:20","slug":"milei-respondio-al-pedido-del-campo-de-eliminar-para-siempre-las-retenciones-estamos-en-camino-de-liberarlos-por-completo","status":"publish","type":"post","link":"https:\/\/radiokissnoticias.com.ar\/web\/2026\/07\/26\/milei-respondio-al-pedido-del-campo-de-eliminar-para-siempre-las-retenciones-estamos-en-camino-de-liberarlos-por-completo\/","title":{"rendered":"Milei respondi\u00f3 al pedido del campo de eliminar para siempre las retenciones: \u201cEstamos en camino de liberarlos por completo\u201d"},"content":{"rendered":"<p>En su discurso en el cierre de la Exposici\u00f3n Rural en Palermo, el Presidente destac\u00f3 la reducci\u00f3n de impuestos al sector que llev\u00f3 adelante durante su gesti\u00f3n y asegur\u00f3 que el crecimiento de otras actividades como la energ\u00e9tica permitir\u00e1 llevarlos a cero. Tal como hab\u00eda anticipado Luis Caputo, el mandatario no hizo anuncios.<\/p>\n<p>El presidente Javier Milei respondi\u00f3 al pedido del campo de eliminar para siempre las retenciones: \u201cEstamos en camino de liberarlos por completo&#8221;. El mandatario destac\u00f3 la reducci\u00f3n de impuestos al sector que llev\u00f3 adelante durante su gesti\u00f3n, en su discurso en el cierre de la Exposici\u00f3n Rural en Palermo. Adem\u00e1s dijo que el crecimiento de otras actividades como la energ\u00e9tica permitir\u00e1 llevar las retenciones a cero.<\/p>\n<p>Antes, el titular de la Sociedad Rural Argentina (SRA), Nicol\u00e1s Pino, hab\u00eda se\u00f1alado que las retenciones \u201cdeben dejar de existir por ley y para siempre&#8221;. Tal como hab\u00eda anticipado el ministro de Econom\u00eda, Luis Caputo, el mandatario no hizo anuncios.<\/p>\n<p>Milei destac\u00f3: \u201cEl campo todav\u00eda carga con el peso de las retenciones, todo lo que lograron fue con una mano atada a la espalda. Vamos camino a terminar de liberarlos por completo. Lo que estamos viendo es apenas el punto de partida. Se viene un campo radicalmente distinto al que conocimos&#8221;.<\/p>\n<p>El Presidente advirti\u00f3 que \u201cla pol\u00edtica convirti\u00f3 al campo en el pagador de \u00faltima instancia de la Argentina\u201d y se\u00f1al\u00f3: \u201cSe lo atac\u00f3 con cepos y otras medidas. Se atac\u00f3 a la gallina de los huevos de oro. Era un campo exprimido, atado de pies y manos. Esa oscura p\u00e1gina la estamos dando vuelta para siempre&#8221;.<\/p>\n<p>Milei destac\u00f3 las medidas que implement\u00f3 en su gesti\u00f3n, como la eliminaci\u00f3n del cepo cambiario, al que calific\u00f3 como \u201cel robo m\u00e1s grande que sufr\u00eda el mercado\u201d. \u201cVaya que fue bueno eliminarlo. No es tema menor, porque el maldito cepo le quitaba al campo dos tercios de sus ingresos\u201d, dijo.<\/p>\n<p>El Presidente tambi\u00e9n mencion\u00f3: \u201cBajamos aranceles, e insumos y maquinarias, abrimos mercados. Hoy vuelvo por tercera vez a La Rural y les vengo a demostrar que la transici\u00f3n de los \u00faltimos a\u00f1os vali\u00f3 la pena\u201d.<\/p>\n<p>El mandatario dijo: \u201cEl techo que la pol\u00edtica le puso al campo durante 100 a\u00f1os se est\u00e1 levantando y, cuando logremos terminar de eliminarlo, este sector va a volar como nunca antes lo hizo en su historia\u201d.<\/p>\n<p>\u201cLa carne vacuna est\u00e1 viviendo un momento hist\u00f3rico. la exportaci\u00f3n creci\u00f3 un 46% en valor en los primeros cinco meses. El mercado de Estados Unidos es una m\u00e1quina de batir r\u00e9cords. Ustedes son los protagonistas de este cambio, y nuestra labor es sacarles la bota del cuello tan pronto como sea posible\u201d, celebr\u00f3 luego el Presidente.<\/p>\n<p>Y a\u00f1adi\u00f3: \u201cNosotros y ustedes queremos exactamente lo mismo: volver al pa\u00eds que cuando le dio libertad al campo se convirti\u00f3 en el granero del mundo y en una de las naciones m\u00e1s ricas del planeta. Argentina despert\u00f3 finalmente de un siglo de letargo y el mundo nos est\u00e1 observando\u201d.<\/p>\n<p>Javier Milei destac\u00f3 que el crecimiento de la energ\u00eda y la miner\u00eda financiar\u00e1n la quita de las retenciones al campo<\/p>\n<p>El Presidente destac\u00f3 que el crecimiento de la energ\u00eda y la miner\u00eda financiar\u00e1n la quita de las retenciones al campo: \u201cHoy la energ\u00eda y la miner\u00eda est\u00e1n r\u00e1pidamente acompa\u00f1ando el despegue exportador del pa\u00eds. Frente a quienes ven un riesgo, queremos se\u00f1alar que presenta, antes que nada, una oportunidad. El crecimiento de esos sectores, que antes no produc\u00edan nada, es lo que financiar\u00e1 la quita de retenciones y el verdadero empoderamiento de campo pujante en las pr\u00f3ximas d\u00e9cadas\u201d.<\/p>\n","protected":false},"excerpt":{"rendered":"<p>En su discurso en el cierre de la Exposici\u00f3n Rural en Palermo, el Presidente destac\u00f3 la reducci\u00f3n de impuestos al sector que llev\u00f3 adelante durante su gesti\u00f3n y asegur\u00f3 que el crecimiento de otras actividades como la energ\u00e9tica permitir\u00e1 llevarlos a cero. Tal como hab\u00eda anticipado Luis Caputo, el mandatario no hizo anuncios. El presidente [&hellip;]<\/p>\n","protected":false},"author":2,"featured_media":10566,"comment_status":"open","ping_status":"open","sticky":false,"template":"","format":"standard","meta":{"footnotes":""},"categories":[78],"tags":[],"class_list":["post-10565","post","type-post","status-publish","format-standard","has-post-thumbnail","category-nacional"],"_links":{"self":[{"href":"https:\/\/radiokissnoticias.com.ar\/web\/wp-json\/wp\/v2\/posts\/10565","targetHints":{"allow":["GET"]}}],"collection":[{"href":"https:\/\/radiokissnoticias.com.ar\/web\/wp-json\/wp\/v2\/posts"}],"about":[{"href":"https:\/\/radiokissnoticias.com.ar\/web\/wp-json\/wp\/v2\/types\/post"}],"author":[{"embeddable":true,"href":"https:\/\/radiokissnoticias.com.ar\/web\/wp-json\/wp\/v2\/users\/2"}],"replies":[{"embeddable":true,"href":"https:\/\/radiokissnoticias.com.ar\/web\/wp-json\/wp\/v2\/comments?post=10565"}],"version-history":[{"count":1,"href":"https:\/\/radiokissnoticias.com.ar\/web\/wp-json\/wp\/v2\/posts\/10565\/revisions"}],"predecessor-version":[{"id":10567,"href":"https:\/\/radiokissnoticias.com.ar\/web\/wp-json\/wp\/v2\/posts\/10565\/revisions\/10567"}],"wp:featuredmedia":[{"embeddable":true,"href":"https:\/\/radiokissnoticias.com.ar\/web\/wp-json\/wp\/v2\/media\/10566"}],"wp:attachment":[{"href":"https:\/\/radiokissnoticias.com.ar\/web\/wp-json\/wp\/v2\/media?parent=10565"}],"wp:term":[{"taxonomy":"category","embeddable":true,"href":"https:\/\/radiokissnoticias.com.ar\/web\/wp-json\/wp\/v2\/categories?post=10565"},{"taxonomy":"post_tag","embeddable":true,"href":"https:\/\/radiokissnoticias.com.ar\/web\/wp-json\/wp\/v2\/tags?post=10565"}],"curies":[{"name":"wp","href":"https:\/\/api.w.org\/{rel}","templated":true}]}}