{"id":10556,"date":"2026-07-26T19:48:17","date_gmt":"2026-07-26T22:48:17","guid":{"rendered":"https:\/\/radiokissnoticias.com.ar\/web\/?p=10556"},"modified":"2026-07-26T19:48:17","modified_gmt":"2026-07-26T22:48:17","slug":"el-pj-busca-instalar-la-agenda-social-frente-a-las-reformas-del-gobierno","status":"publish","type":"post","link":"https:\/\/radiokissnoticias.com.ar\/web\/2026\/07\/26\/el-pj-busca-instalar-la-agenda-social-frente-a-las-reformas-del-gobierno\/","title":{"rendered":"El PJ busca instalar la agenda social frente a las reformas del Gobierno"},"content":{"rendered":"<p>El diputado nacional Christian Zulli sostuvo que insistir\u00e1n con proyectos vinculados al financiamiento de salud, educaci\u00f3n y alivio para las familias endeudadas. En paralelo, el Gobierno buscar\u00e1 avanzar con reformas pol\u00edticas y econ\u00f3micas en un semestre decisivo para Milei.<\/p>\n<p>El segundo semestre legislativo comenzar\u00e1 con una agenda marcada por la pulseada entre el Gobierno nacional y la oposici\u00f3n por las prioridades del Congreso. Mientras la administraci\u00f3n de Javier Milei buscar\u00e1 consolidar las reformas pendientes de su programa econ\u00f3mico e institucional, el peronismo anticipa que insistir\u00e1 con iniciativas vinculadas al financiamiento de \u00e1reas sensibles y a medidas orientadas a amortiguar el impacto social del ajuste.<\/p>\n<p>En ese escenario, el diputado nacional por Corrientes Christian Zulli adelant\u00f3 cu\u00e1l ser\u00e1 la estrategia del bloque del PJ y dej\u00f3 en claro que la discusi\u00f3n parlamentaria volver\u00e1 a girar en torno a dos modelos de prioridades.<\/p>\n<p>En declaraciones al portal de Radio Nord Corrientes, el legislador sostuvo que &#8220;seguramente lo que vamos a tener es una agenda sobre todo manejada por el oficialismo porque tiene los votos y es el que hoy por hoy maneja la agenda parlamentaria&#8221;.<\/p>\n<p>La definici\u00f3n refleja el equilibrio que hoy existe en la C\u00e1mara de Diputados, donde La Libertad Avanza, con el respaldo de bloques aliados, logra fijar buena parte del temario, aunque contin\u00faa necesitando acuerdos para aprobar los proyectos de mayor trascendencia.<\/p>\n<p>Frente a ese escenario, Zulli explic\u00f3 que el PJ buscar\u00e1 instalar una agenda alternativa. &#8220;Nosotros seguramente vamos a seguir haciendo hincapi\u00e9 en las problem\u00e1ticas que creemos afectan sobre todo a la microeconom\u00eda, la econom\u00eda de los hogares&#8221;, afirm\u00f3.<\/p>\n<p>Entre las prioridades mencion\u00f3 iniciativas para atender el creciente endeudamiento de las familias. &#8220;Tenemos varias propuestas sobre la situaci\u00f3n de endeudamiento que tienen las familias por diferentes cr\u00e9ditos para poder darle una soluci\u00f3n a esa problem\u00e1tica&#8221;, se\u00f1al\u00f3.<\/p>\n<p>El legislador correntino tambi\u00e9n anticip\u00f3 que volver\u00e1n a presentar proyectos relacionados con subsidios energ\u00e9ticos y financiamiento para sectores considerados estrat\u00e9gicos. &#8220;Hay diferentes proyectos destinados a subsidios de energ\u00eda, financiamiento universitario, docentes y todas estas cuestiones que nosotros fuimos viendo. Sobre todo, el financiamiento que tienen muchos sectores como la salud y la educaci\u00f3n, que son fundamentales para cualquier comunidad. Como lo hemos hecho hasta ahora, lo vamos a volver a plantear nuevamente en el Congreso&#8221;, expres\u00f3.<\/p>\n<p>Del otro lado de la discusi\u00f3n parlamentaria aparece la agenda que impulsa el Gobierno nacional. Adem\u00e1s de sostener el rumbo econ\u00f3mico y profundizar el proceso de desregulaci\u00f3n, la Casa Rosada pretende avanzar en reformas pol\u00edticas e institucionales que considera centrales para la etapa preelectoral. Entre ellas sobresalen los cambios al sistema electoral, la eliminaci\u00f3n de las PASO, la denominada &#8220;Inocencia fiscal&#8221; y modificaciones vinculadas al r\u00e9gimen farmac\u00e9utico, adem\u00e1s de otras iniciativas que contin\u00faan negoci\u00e1ndose con bloques dialoguistas y gobernadores.<\/p>\n<p>Sobre ese punto, Zulli fue especialmente cr\u00edtico. &#8220;Ellos quieren una reforma electoral. De lo \u00fanico que est\u00e1n hablando es de la eliminaci\u00f3n de las PASO solamente para tener alg\u00fan tipo de ventaja electoral en el futuro, jugando al no ordenamiento de la fuerza opositora&#8221;, cuestion\u00f3.<\/p>\n<p>El segundo semestre tambi\u00e9n estar\u00e1 atravesado por la negociaci\u00f3n permanente entre la Naci\u00f3n y las provincias. La necesidad del oficialismo de reunir mayor\u00edas para sancionar leyes obliga a mantener abiertos los canales de di\u00e1logo con los gobernadores, que a su vez buscan garantizar recursos, obras y respuestas a demandas fiscales. Corrientes forma parte de ese esquema de conversaciones, donde los intereses provinciales conviven con la disputa pol\u00edtica nacional y con la preparaci\u00f3n del escenario electoral de 2027.<\/p>\n<p>En ese contexto, el diputado justicialista ratific\u00f3 que el bloque opositor intentar\u00e1 construir consensos sin resignar su posicionamiento pol\u00edtico. &#8220;La expectativa es seguir realizando y ocupando nuestro rol de oposici\u00f3n firme y, sobre todo, tratar de defender los pocos derechos que est\u00e1n quedando de los trabajadores y de las personas que menos tienen. Seguramente dentro de ese rol vamos a tratar de buscar los consensos necesarios&#8221;, dijo.<\/p>\n<p>Agenda del Congreso<\/p>\n<p>La agenda del Congreso para este segundo semestre de 2026 se retoma tras el receso invernal a partir del 6 de agosto.<\/p>\n<p>Con media sanci\u00f3n o en tratativas est\u00e1 el S\u00faper RIGI, que espera su tratamiento y debate en comisiones en el Senado. R\u00e9gimen de Zona Fr\u00eda: Modificaci\u00f3n del esquema de subsidios con tr\u00e1mite pendiente en la C\u00e1mara alta. Ley Hojarasca: Derogaci\u00f3n de normativas consideradas obsoletas por el oficialismo con dictamen listo. Inviolabilidad de la propiedad privada: Dictamen en el Senado con modificaciones sobre la Ley de Tierras.<\/p>\n","protected":false},"excerpt":{"rendered":"<p>El diputado nacional Christian Zulli sostuvo que insistir\u00e1n con proyectos vinculados al financiamiento de salud, educaci\u00f3n y alivio para las familias endeudadas. En paralelo, el Gobierno buscar\u00e1 avanzar con reformas pol\u00edticas y econ\u00f3micas en un semestre decisivo para Milei. El segundo semestre legislativo comenzar\u00e1 con una agenda marcada por la pulseada entre el Gobierno nacional [&hellip;]<\/p>\n","protected":false},"author":2,"featured_media":10557,"comment_status":"open","ping_status":"open","sticky":false,"template":"","format":"standard","meta":{"footnotes":""},"categories":[81],"tags":[],"class_list":["post-10556","post","type-post","status-publish","format-standard","has-post-thumbnail","category-politica"],"_links":{"self":[{"href":"https:\/\/radiokissnoticias.com.ar\/web\/wp-json\/wp\/v2\/posts\/10556","targetHints":{"allow":["GET"]}}],"collection":[{"href":"https:\/\/radiokissnoticias.com.ar\/web\/wp-json\/wp\/v2\/posts"}],"about":[{"href":"https:\/\/radiokissnoticias.com.ar\/web\/wp-json\/wp\/v2\/types\/post"}],"author":[{"embeddable":true,"href":"https:\/\/radiokissnoticias.com.ar\/web\/wp-json\/wp\/v2\/users\/2"}],"replies":[{"embeddable":true,"href":"https:\/\/radiokissnoticias.com.ar\/web\/wp-json\/wp\/v2\/comments?post=10556"}],"version-history":[{"count":1,"href":"https:\/\/radiokissnoticias.com.ar\/web\/wp-json\/wp\/v2\/posts\/10556\/revisions"}],"predecessor-version":[{"id":10558,"href":"https:\/\/radiokissnoticias.com.ar\/web\/wp-json\/wp\/v2\/posts\/10556\/revisions\/10558"}],"wp:featuredmedia":[{"embeddable":true,"href":"https:\/\/radiokissnoticias.com.ar\/web\/wp-json\/wp\/v2\/media\/10557"}],"wp:attachment":[{"href":"https:\/\/radiokissnoticias.com.ar\/web\/wp-json\/wp\/v2\/media?parent=10556"}],"wp:term":[{"taxonomy":"category","embeddable":true,"href":"https:\/\/radiokissnoticias.com.ar\/web\/wp-json\/wp\/v2\/categories?post=10556"},{"taxonomy":"post_tag","embeddable":true,"href":"https:\/\/radiokissnoticias.com.ar\/web\/wp-json\/wp\/v2\/tags?post=10556"}],"curies":[{"name":"wp","href":"https:\/\/api.w.org\/{rel}","templated":true}]}}