{"id":10550,"date":"2026-07-26T19:42:09","date_gmt":"2026-07-26T22:42:09","guid":{"rendered":"https:\/\/radiokissnoticias.com.ar\/web\/?p=10550"},"modified":"2026-07-26T19:42:09","modified_gmt":"2026-07-26T22:42:09","slug":"nicolas-pino-reclamo-el-fin-definitivo-de-las-retenciones-y-destaco-el-aporte-del-campo-en-la-apertura-oficial-de-la-rural","status":"publish","type":"post","link":"https:\/\/radiokissnoticias.com.ar\/web\/2026\/07\/26\/nicolas-pino-reclamo-el-fin-definitivo-de-las-retenciones-y-destaco-el-aporte-del-campo-en-la-apertura-oficial-de-la-rural\/","title":{"rendered":"Nicol\u00e1s Pino reclam\u00f3 el fin definitivo de las retenciones y destac\u00f3 el aporte del campo en la apertura oficial de La Rural"},"content":{"rendered":"<p>El presidente de la Sociedad Rural Argentina inaugur\u00f3 la 138\u00b0 Exposici\u00f3n Rural de Palermo con un discurso en el que respald\u00f3 el rumbo econ\u00f3mico del Gobierno.<\/p>\n<p>El presidente de la Sociedad Rural Argentina (SRA), Nicol\u00e1s Pino, encabez\u00f3 este domingo la apertura oficial de la 138\u00b0 Exposici\u00f3n Rural de Palermo con un fuerte respaldo al rumbo econ\u00f3mico del Gobierno nacional, aunque reclam\u00f3 la eliminaci\u00f3n definitiva de las retenciones, una menor presi\u00f3n impositiva y mayores inversiones en infraestructura para potenciar el crecimiento del sector agropecuario.<\/p>\n<p>En un discurso atravesado por los 160 a\u00f1os de la entidad, Pino sostuvo que el campo contin\u00faa siendo uno de los principales motores de la econom\u00eda argentina y remarc\u00f3 que las cadenas agroindustriales aportan m\u00e1s de 83.000 millones de d\u00f3lares al pa\u00eds.<\/p>\n<p>Adem\u00e1s, afirm\u00f3 que la reducci\u00f3n parcial de las retenciones permiti\u00f3 reinvertir alrededor de 6.000 millones de d\u00f3lares en gen\u00e9tica, maquinaria, pasturas y mejoras productivas, lo que impuls\u00f3 el crecimiento del empleo rural y de la producci\u00f3n, seg\u00fan supo la Agencia Noticias Argentinas.<\/p>\n<p>Uno de los pasajes m\u00e1s enf\u00e1ticos del mensaje estuvo dedicado a los derechos de exportaci\u00f3n. &#8220;Est\u00e1 demostrado, como venimos diciendo en reiteradas ocasiones, en coincidencia con el Presidente, que las retenciones deben dejar de existir, por ley y para siempre&#8221;, afirm\u00f3, antes de pedirle a la dirigencia pol\u00edtica que &#8220;conf\u00ede en el campo&#8221;.<\/p>\n<p>Pino tambi\u00e9n destac\u00f3 los principales indicadores econ\u00f3micos de la gesti\u00f3n de Javier Milei. Valor\u00f3 la baja de la inflaci\u00f3n, el equilibrio fiscal, la estabilidad cambiaria y la reducci\u00f3n del riesgo pa\u00eds, al tiempo que asegur\u00f3 que &#8220;la producci\u00f3n ha comenzado a desplazar a la especulaci\u00f3n financiera&#8221; y celebr\u00f3 el mayor di\u00e1logo entre el Gobierno y la Sociedad Rural.<\/p>\n<p>No obstante, plante\u00f3 una serie de reclamos para consolidar el crecimiento del sector. Entre ellos, pidi\u00f3 reducir impuestos provinciales y municipales, eliminar tasas que &#8220;no se traducen en obras&#8221;, terminar con las &#8220;aduanas internas&#8221; entre provincias y destinar mayores recursos a infraestructura vial, caminos rurales, puertos, trenes, salud, educaci\u00f3n, seguridad y conectividad digital. &#8220;Cuando los impuestos bajan, la producci\u00f3n aumenta, y esto beneficia a toda la poblaci\u00f3n&#8221;, sostuvo.<\/p>\n<p>En el tramo final de su exposici\u00f3n, el dirigente asegur\u00f3 que el agro argentino todav\u00eda tiene un enorme potencial de expansi\u00f3n. Se\u00f1al\u00f3 que el sector podr\u00eda incrementar un 50% la producci\u00f3n de cereales y oleaginosas, sumar un mill\u00f3n de toneladas de carne, duplicar la superficie forestada y aumentar en 2.000 millones de litros la producci\u00f3n lechera, lo que permitir\u00eda incorporar otros 20.000 millones de d\u00f3lares anuales a la econom\u00eda nacional.<\/p>\n<p>Adem\u00e1s, afirm\u00f3 que el futuro del campo depender\u00e1 de la incorporaci\u00f3n de nuevas tecnolog\u00edas, inteligencia artificial, automatizaci\u00f3n, trazabilidad y conectividad para mejorar la competitividad internacional.<\/p>\n","protected":false},"excerpt":{"rendered":"<p>El presidente de la Sociedad Rural Argentina inaugur\u00f3 la 138\u00b0 Exposici\u00f3n Rural de Palermo con un discurso en el que respald\u00f3 el rumbo econ\u00f3mico del Gobierno. El presidente de la Sociedad Rural Argentina (SRA), Nicol\u00e1s Pino, encabez\u00f3 este domingo la apertura oficial de la 138\u00b0 Exposici\u00f3n Rural de Palermo con un fuerte respaldo al rumbo [&hellip;]<\/p>\n","protected":false},"author":2,"featured_media":10551,"comment_status":"open","ping_status":"open","sticky":false,"template":"","format":"standard","meta":{"footnotes":""},"categories":[78],"tags":[],"class_list":["post-10550","post","type-post","status-publish","format-standard","has-post-thumbnail","category-nacional"],"_links":{"self":[{"href":"https:\/\/radiokissnoticias.com.ar\/web\/wp-json\/wp\/v2\/posts\/10550","targetHints":{"allow":["GET"]}}],"collection":[{"href":"https:\/\/radiokissnoticias.com.ar\/web\/wp-json\/wp\/v2\/posts"}],"about":[{"href":"https:\/\/radiokissnoticias.com.ar\/web\/wp-json\/wp\/v2\/types\/post"}],"author":[{"embeddable":true,"href":"https:\/\/radiokissnoticias.com.ar\/web\/wp-json\/wp\/v2\/users\/2"}],"replies":[{"embeddable":true,"href":"https:\/\/radiokissnoticias.com.ar\/web\/wp-json\/wp\/v2\/comments?post=10550"}],"version-history":[{"count":1,"href":"https:\/\/radiokissnoticias.com.ar\/web\/wp-json\/wp\/v2\/posts\/10550\/revisions"}],"predecessor-version":[{"id":10552,"href":"https:\/\/radiokissnoticias.com.ar\/web\/wp-json\/wp\/v2\/posts\/10550\/revisions\/10552"}],"wp:featuredmedia":[{"embeddable":true,"href":"https:\/\/radiokissnoticias.com.ar\/web\/wp-json\/wp\/v2\/media\/10551"}],"wp:attachment":[{"href":"https:\/\/radiokissnoticias.com.ar\/web\/wp-json\/wp\/v2\/media?parent=10550"}],"wp:term":[{"taxonomy":"category","embeddable":true,"href":"https:\/\/radiokissnoticias.com.ar\/web\/wp-json\/wp\/v2\/categories?post=10550"},{"taxonomy":"post_tag","embeddable":true,"href":"https:\/\/radiokissnoticias.com.ar\/web\/wp-json\/wp\/v2\/tags?post=10550"}],"curies":[{"name":"wp","href":"https:\/\/api.w.org\/{rel}","templated":true}]}}