{"id":10538,"date":"2026-07-26T14:16:49","date_gmt":"2026-07-26T17:16:49","guid":{"rendered":"https:\/\/radiokissnoticias.com.ar\/web\/?p=10538"},"modified":"2026-07-26T14:16:49","modified_gmt":"2026-07-26T17:16:49","slug":"la-enfermera-que-cuido-a-evita-en-su-lecho-de-muerte-yo-le-cerre-los-ojitos-ya-no-iba-a-despertar-peron-lloraba-como-un-nene","status":"publish","type":"post","link":"https:\/\/radiokissnoticias.com.ar\/web\/2026\/07\/26\/la-enfermera-que-cuido-a-evita-en-su-lecho-de-muerte-yo-le-cerre-los-ojitos-ya-no-iba-a-despertar-peron-lloraba-como-un-nene\/","title":{"rendered":"La enfermera que cuid\u00f3 a Evita en su lecho de muerte: \u201cYo le cerr\u00e9 los ojitos, ya no iba a despertar; Per\u00f3n lloraba como un nene\u201d"},"content":{"rendered":"<p>Mar\u00eda Eugenia \u00c1lvarez tiene 99 a\u00f1os. Asisti\u00f3 a la Primera Dama cuando vot\u00f3 por primera vez y en sus \u00faltimos d\u00edas, cuando el c\u00e1ncer ya era irreversible, cont\u00f3 al diario Infobae.<\/p>\n<p><img loading=\"lazy\" decoding=\"async\" class=\"\" src=\"https:\/\/www.powernoticias.com\/images\/202607261502086393\" width=\"600\" height=\"400\" \/><\/p>\n<p>La reconoci\u00f3 por los ojos. Algo de esos ojos verdes cautivaron a Eva Per\u00f3n, que, cuando su salud se deterioraba de manera irreversible, le dijo a su marido, el Presidente de la Naci\u00f3n: \u201cQue venga a la chica de los ojos verdes\u201d. Hablaba de Mar\u00eda Eugenia \u00c1lvarez, que en 1952 ten\u00eda 23 a\u00f1os y que hab\u00eda visto por primera vez a Evita dos a\u00f1os antes, en el Hospital Rivadavia, donde se formaba como enfermera.<\/p>\n<p>Eva hab\u00eda ido a visitar a algunas trabajadoras de la salud que depend\u00edan de la fundaci\u00f3n que llevaba su nombre y que hab\u00edan tenido un accidente. All\u00ed, en el hospital de Recoleta que quedaba a apenas metros del Palacio Unzu\u00e9, Eva le estrech\u00f3 la mano a Mar\u00eda Eugenia por primera vez. Ninguna de las dos sab\u00eda lo que les deparaba el futuro: la enfermera iba a ser, algunos meses despu\u00e9s, quien le cerrara los ojos a Eva en su lecho de muerte.<\/p>\n<p>\u201cYo ten\u00eda la vocaci\u00f3n de ser enfermera desde siempre. Cuando era chica a iba a la escuela, en el recreo jugaba a curar, a cuidar pacientes. Despu\u00e9s, una hermana m\u00eda se enferm\u00f3 y ah\u00ed vi de cerca el trabajo de las enfermeras, y me convenc\u00ed para siempre\u201d, le cuenta ahora Mar\u00eda Eugenia \u00c1lvarez a Infobae. Tiene 99 a\u00f1os y vive en una residencia geri\u00e1trica de Monte Grande. Se puso, para esta entrevista, un pa\u00f1uelo con el retrato de la mujer que protagoniz\u00f3 la historia argentina del siglo XX y a la que ella asisti\u00f3 hasta el final.<\/p>\n<p>El Hospital Rivadavia fue su lugar de formaci\u00f3n profesional y a ese equipo m\u00e9dico acudi\u00f3 Juan Domingo Per\u00f3n, durante su primer mandato, cuando necesit\u00f3 formar un cuerpo de enfermeras que acompa\u00f1aran a Eva en un post-operatorio complicado.<\/p>\n<p>En 1950, la hab\u00edan operado por una supuesta apendicitis que result\u00f3 un mal diagn\u00f3stico. En 1951, sin que Eva conociera su escenario real de salud, le hicieron una cirug\u00eda para frenar el avance del c\u00e1ncer de cuello uterino que ten\u00eda, pero ya no hab\u00eda casi nada por hacer. Ese post-operatorio fue la primera vez que Mar\u00eda Eugenia cuid\u00f3 a Evita.<\/p>\n<p>\u201cA m\u00ed me dijeron, en el Rivadavia, que al d\u00eda siguiente iba a empezar a asistir a la esposa del Presidente de la Naci\u00f3n. Yo me lo tom\u00e9 como la responsabilidad m\u00e1s grande de mi vida, y con mucha seriedad, porque era nada menos que la Primera Dama. No dir\u00eda que la cuid\u00e9 diferente que a otro paciente, porque al paciente, sea quien sea, siempre hay que cuidarlo al m\u00e1ximo. Pero s\u00ed sab\u00eda que esto implicaba otra responsabilidad, y que ten\u00eda que ser muy reservada porque estaba nada menos que con el Presidente y su esposa\u201d, se acuerda Mar\u00eda Eugenia.<\/p>\n<p>Cuid\u00f3 a Eva Per\u00f3n despu\u00e9s de la cirug\u00eda gineco-oncol\u00f3gica que le hicieron en el Hospital Policl\u00ednico de Avellaneda. En esa operaci\u00f3n, intervino el onc\u00f3logo estadounidense George Pack, un especialista de renombre internacional convocado por el Presidente y su equipo m\u00e9dico sin que Evita lo supiera. La cirug\u00eda fue el 6 de noviembre de 1951 y los m\u00e9dicos encontraron un c\u00e1ncer m\u00e1s avanzado del que esperaban: el pron\u00f3stico no era bueno.<\/p>\n<p>Cinco d\u00edas despu\u00e9s de esa operaci\u00f3n, la Argentina viv\u00eda una jornada hist\u00f3rica: las mujeres estaban habilitadas para votar por primera vez. Eva Per\u00f3n hab\u00eda sido la referente m\u00e1xima de la lucha por ese derecho. La cara visible de una conquista que ya hab\u00eda sido impulsada desde otros sectores a principios del siglo XX, pero que finalmente empuj\u00f3 -y capitaliz\u00f3- el peronismo. As\u00ed que, aunque estaba internada, no emitir su voto no era una opci\u00f3n.<\/p>\n<p>\u201cYo le sostuve la urna para que votara. Hab\u00eda mucha emoci\u00f3n ese d\u00eda. Todos quer\u00edan tocar la urna en la que Eva hab\u00eda votado, y ella sab\u00eda que era un d\u00eda hist\u00f3rico. Yo tambi\u00e9n vot\u00e9, a Per\u00f3n, porque ellos hab\u00edan conseguido que las mujeres vot\u00e1ramos\u201d, recuerda Mar\u00eda Eugenia, que trabaj\u00f3 en el Hospital Rivadavia hasta jubilarse y que estuvo, por pedido de Evita, a cargo de la Escuela de Enfermeras de la Fundaci\u00f3n Eva Per\u00f3n. \u201cFormamos enfermeras para que fueran a los hospitales que se estaban construyendo en la Provincia y en otros lugares m\u00e1s lejanos, como Chaco y otra provincia que, a los 99 a\u00f1os, no me acuerdo\u201d, se r\u00ede \u00c1lvarez.<\/p>\n<p>Se acuerda de que, por esos a\u00f1os, los sanatorios iban en busca de esas enfermeras que se formaban en la fundaci\u00f3n. \u201cPero la prioridad eran los hospitales\u201d, repite incansablemente. Y busca en su cabeza, pero no le sale el nombre de la otra provincia a la que viajaron las nuevas trabajadoras de la salud tras tres a\u00f1os de formaci\u00f3n.<\/p>\n<p>Per\u00f3n gan\u00f3 las elecciones en las que participaron por primera vez las mujeres con m\u00e1s del 60% de los votos. Su segundo mandato se pon\u00eda en marcha, y la salud de su compa\u00f1era se deterioraba velozmente.<\/p>\n<p>Los d\u00edas finales<\/p>\n<p>\u201cYa en 1952, me volvieron a convocar. Me dijeron que, en vez de ir al Rivadavia como siempre, ten\u00eda que presentarme en el Palacio Unzu\u00e9, que era donde funcionaba la residencia presidencial. Me avisaron de un d\u00eda para el otro, as\u00ed que no tuve ni siquiera tiempo de ponerme nerviosa. Al otro d\u00eda, bien temprano a la ma\u00f1ana, estaba ah\u00ed. Despu\u00e9s supe que Evita me recordaba por mis ojos, que hab\u00eda pedido a \u2018la enfermera de los ojos verdes\u2019\u201d, cuenta Mar\u00eda Eugenia.<\/p>\n<p>Eva, cuyo c\u00e1ncer ya hab\u00eda hecho met\u00e1stasis y le provocaba dolores que s\u00f3lo se calmaban un poco con inyecciones de morfina, estaba acompa\u00f1ada durante todo el d\u00eda por alguna enfermera. Eran tres las que se turnaban para brindarle los cuidados requeridos.<\/p>\n<p>\u201cYo estaba con Evita a la ma\u00f1ana, pero a disposici\u00f3n todo el d\u00eda. Ella no ten\u00eda la informaci\u00f3n concreta sobre su estado, pero sab\u00eda que estaba mal, lo intu\u00eda, era viv\u00edsima. Los \u00faltimos d\u00edas ten\u00eda perfectamente claro lo que estaba pasando. Yo le dec\u00eda que ya se iba a poner mejor, pero ella me dec\u00eda que no, que se estaba yendo\u201d, se acuerda \u00c1lvarez.<\/p>\n<p>\u201cElla no par\u00f3 de trabajar hasta el final. Se levantaba de la cama todo lo que pod\u00eda, aunque los m\u00e9dicos le indicaran el mayor reposo posible. Y cuando ya no se pod\u00eda levantar, organizaba todo desde la cama, sobre todo lo que ten\u00eda que ver con el trabajo de la fundaci\u00f3n. Estaba pendiente de c\u00f3mo estaba Per\u00f3n y de qu\u00e9 iba a pasar con los m\u00e1s desamparados. \u2018Cuiden a los m\u00e1s pobres, no me los abandonen\u2019, dec\u00eda todo el tiempo\u201d, recuerda Mar\u00eda Eugenia.<\/p>\n<p>Seg\u00fan reconstruye, ella reportaba sobre la salud de Eva a los m\u00e9dicos y tambi\u00e9n a Per\u00f3n, \u201cque estaba completamente pendiente y que no quer\u00eda que se le revelara el diagn\u00f3stico terminal a Evita, aunque ella entend\u00eda perfectamente lo que estaba pasando, era viv\u00edsima\u201d.<\/p>\n<p>\u201cYo insist\u00eda en decirle que ya se iba a poner bien, porque era la instrucci\u00f3n que deb\u00edamos seguir, pero ella en un momento empez\u00f3 a decir que ya sab\u00eda que se iba. En ning\u00fan momento afloj\u00f3 ese car\u00e1cter firme y para adelante que ella ten\u00eda, mantuvo eso hasta el final\u201d, dice Mar\u00eda Eugenia, que cada ma\u00f1ana volv\u00eda a la residencia de Recoleta. All\u00ed, Evita hab\u00eda sido trasladada a una especie de vestidor contiguo a la habitaci\u00f3n del Presidente.<\/p>\n<p>La Primera Dama quer\u00eda estar lo suficientemente cerca de Per\u00f3n, pero sin que la atenci\u00f3n m\u00e9dica constante que ella requer\u00eda interrumpiera el descanso del m\u00e1ximo mandatario. Por eso no acept\u00f3 que su cama se instalara en el cuarto en el que dorm\u00eda el General. All\u00ed, Per\u00f3n la visitaba tres veces al d\u00eda: antes de ir a la Casa Rosada, al volver de all\u00ed y justo antes de dormir.<\/p>\n<p>El 26 de julio de 1952, hace exactamente 74 a\u00f1os, Eva Per\u00f3n entr\u00f3 en coma un rato antes del mediod\u00eda. El c\u00e1ncer hab\u00eda avanzado tanto que ya no hab\u00eda nada que los m\u00e9dicos pudieran hacer. \u201cYo le cerr\u00e9 los ojitos. Lo m\u00e1s suavemente que pude, apoy\u00e9 mis dedos y cerr\u00e9 sus ojos porque Evita ya no iba a despertar\u201d, dice Mar\u00eda Eugenia, y el recuerdo de esas \u00faltimas horas de vida de la mujer que protagonizaba la vida pol\u00edtica argentina la vuelve a estremecer.<\/p>\n<p>Eva muri\u00f3 unas horas m\u00e1s tarde. La radio anunci\u00f3 que a las 20.25 de ese 26 de julio hab\u00eda muerto la \u201cJefa Espiritual de la Naci\u00f3n\u201d. \u201cPer\u00f3n lloraba como un nene, no ten\u00eda consuelo. Me dijo \u2018\u00a1qu\u00e9 solo me quedo, Eugenita\u2019\u201d, reconstruye \u00c1lvarez.<\/p>\n<p>\u201cDespu\u00e9s la arreglaron para la despedida p\u00fablica a la que vinieron miles y miles de personas. La verdad es que no hac\u00eda falta pintarla ni nada; Evita era hermosa a cara lavada\u201d, dice la enfermera que la ayud\u00f3 a votar y que la acompa\u00f1\u00f3 a morir. Esa noche, la del 26 de julio de 1952, volvi\u00f3 a su casa. Un tiempo despu\u00e9s, su hermana Rita morir\u00eda del mismo c\u00e1ncer que Eva. Mar\u00eda Eugenia cuid\u00f3 de sus sobrinos, que ahora cuidan de ella.<\/p>\n<p>Volvi\u00f3 al Hospital Rivadavia, en el que trabaj\u00f3 durante d\u00e9cadas hasta jubilarse. A los 99 a\u00f1os, se acuerda de mucho, pero sobre todo de esas horas definitivas en las que acompa\u00f1\u00f3 a Eva y consol\u00f3 a Per\u00f3n.<\/p>\n","protected":false},"excerpt":{"rendered":"<p>Mar\u00eda Eugenia \u00c1lvarez tiene 99 a\u00f1os. Asisti\u00f3 a la Primera Dama cuando vot\u00f3 por primera vez y en sus \u00faltimos d\u00edas, cuando el c\u00e1ncer ya era irreversible, cont\u00f3 al diario Infobae. La reconoci\u00f3 por los ojos. Algo de esos ojos verdes cautivaron a Eva Per\u00f3n, que, cuando su salud se deterioraba de manera irreversible, le [&hellip;]<\/p>\n","protected":false},"author":2,"featured_media":10539,"comment_status":"open","ping_status":"open","sticky":false,"template":"","format":"standard","meta":{"footnotes":""},"categories":[78],"tags":[],"class_list":["post-10538","post","type-post","status-publish","format-standard","has-post-thumbnail","category-nacional"],"_links":{"self":[{"href":"https:\/\/radiokissnoticias.com.ar\/web\/wp-json\/wp\/v2\/posts\/10538","targetHints":{"allow":["GET"]}}],"collection":[{"href":"https:\/\/radiokissnoticias.com.ar\/web\/wp-json\/wp\/v2\/posts"}],"about":[{"href":"https:\/\/radiokissnoticias.com.ar\/web\/wp-json\/wp\/v2\/types\/post"}],"author":[{"embeddable":true,"href":"https:\/\/radiokissnoticias.com.ar\/web\/wp-json\/wp\/v2\/users\/2"}],"replies":[{"embeddable":true,"href":"https:\/\/radiokissnoticias.com.ar\/web\/wp-json\/wp\/v2\/comments?post=10538"}],"version-history":[{"count":1,"href":"https:\/\/radiokissnoticias.com.ar\/web\/wp-json\/wp\/v2\/posts\/10538\/revisions"}],"predecessor-version":[{"id":10540,"href":"https:\/\/radiokissnoticias.com.ar\/web\/wp-json\/wp\/v2\/posts\/10538\/revisions\/10540"}],"wp:featuredmedia":[{"embeddable":true,"href":"https:\/\/radiokissnoticias.com.ar\/web\/wp-json\/wp\/v2\/media\/10539"}],"wp:attachment":[{"href":"https:\/\/radiokissnoticias.com.ar\/web\/wp-json\/wp\/v2\/media?parent=10538"}],"wp:term":[{"taxonomy":"category","embeddable":true,"href":"https:\/\/radiokissnoticias.com.ar\/web\/wp-json\/wp\/v2\/categories?post=10538"},{"taxonomy":"post_tag","embeddable":true,"href":"https:\/\/radiokissnoticias.com.ar\/web\/wp-json\/wp\/v2\/tags?post=10538"}],"curies":[{"name":"wp","href":"https:\/\/api.w.org\/{rel}","templated":true}]}}