{"id":10527,"date":"2026-07-26T14:00:59","date_gmt":"2026-07-26T17:00:59","guid":{"rendered":"https:\/\/radiokissnoticias.com.ar\/web\/?p=10527"},"modified":"2026-07-26T14:00:59","modified_gmt":"2026-07-26T17:00:59","slug":"encontraron-a-la-adolescente-de-17-anos-que-habia-desaparecido-en-curuzu-cuatia","status":"publish","type":"post","link":"https:\/\/radiokissnoticias.com.ar\/web\/2026\/07\/26\/encontraron-a-la-adolescente-de-17-anos-que-habia-desaparecido-en-curuzu-cuatia\/","title":{"rendered":"Encontraron a la adolescente de 17 a\u00f1os que hab\u00eda desaparecido en Curuz\u00fa Cuati\u00e1"},"content":{"rendered":"<p>La joven era buscada desde el viernes en la ciudad de Curuz\u00fa Cuati\u00e1. En medio del operativo, su madre cont\u00f3 al canal TN que sospechaba de su novio, a quien se\u00f1alaba por haber intentado llevarla a Brasil.<\/p>\n<p>La adolescente de 17 a\u00f1os que hab\u00eda desaparecido en Corrientes, fue encontrada este domingo sana. La Justicia hab\u00eda activado la Alerta Sof\u00eda para intensificar la b\u00fasqueda de la joven. La joven hab\u00eda sido vista por \u00faltima vez el viernes y, desde entonces, nadie se hab\u00eda vuelto a contactar con ella.<\/p>\n<p>Las autoridades difundieron su descripci\u00f3n f\u00edsica con el objetivo de facilitar su identificaci\u00f3n y solicitaron la colaboraci\u00f3n de la comunidad para encontrarla.<\/p>\n<p>La madre de la adolescente, Alejandra, hab\u00eda dicho a TN que su hija se hab\u00eda ido a encontrar con su novio de 37 a\u00f1os para ir a Felipe Yofre, un pueblo cercano.<\/p>\n<p>\u201cElla me llam\u00f3 hace un ratito y me pidi\u00f3 que la vaya a buscar, pero me cort\u00f3 la llamada y se apag\u00f3 el celular\u201d, hab\u00eda contado la mujer. \u201cLa escuch\u00e9 bien pero la vez anterior, que tambi\u00e9n se comunic\u00f3 conmigo, estaba mal\u201d, sum\u00f3.<\/p>\n<p>Alejandra afirm\u00f3 que su hijo lleg\u00f3 a encontrarse con su novio y que \u00e9l \u201chabr\u00eda querido llev\u00e1rsela a Brasil\u201d. Pese a ello, la madre sostuvo que el hombre est\u00e1 a disposici\u00f3n de la Justicia y que era indagado por estas horas.<\/p>\n","protected":false},"excerpt":{"rendered":"<p>La joven era buscada desde el viernes en la ciudad de Curuz\u00fa Cuati\u00e1. En medio del operativo, su madre cont\u00f3 al canal TN que sospechaba de su novio, a quien se\u00f1alaba por haber intentado llevarla a Brasil. La adolescente de 17 a\u00f1os que hab\u00eda desaparecido en Corrientes, fue encontrada este domingo sana. La Justicia hab\u00eda [&hellip;]<\/p>\n","protected":false},"author":2,"featured_media":10528,"comment_status":"open","ping_status":"open","sticky":false,"template":"","format":"standard","meta":{"footnotes":""},"categories":[82],"tags":[],"class_list":["post-10527","post","type-post","status-publish","format-standard","has-post-thumbnail","category-policiales"],"_links":{"self":[{"href":"https:\/\/radiokissnoticias.com.ar\/web\/wp-json\/wp\/v2\/posts\/10527","targetHints":{"allow":["GET"]}}],"collection":[{"href":"https:\/\/radiokissnoticias.com.ar\/web\/wp-json\/wp\/v2\/posts"}],"about":[{"href":"https:\/\/radiokissnoticias.com.ar\/web\/wp-json\/wp\/v2\/types\/post"}],"author":[{"embeddable":true,"href":"https:\/\/radiokissnoticias.com.ar\/web\/wp-json\/wp\/v2\/users\/2"}],"replies":[{"embeddable":true,"href":"https:\/\/radiokissnoticias.com.ar\/web\/wp-json\/wp\/v2\/comments?post=10527"}],"version-history":[{"count":1,"href":"https:\/\/radiokissnoticias.com.ar\/web\/wp-json\/wp\/v2\/posts\/10527\/revisions"}],"predecessor-version":[{"id":10529,"href":"https:\/\/radiokissnoticias.com.ar\/web\/wp-json\/wp\/v2\/posts\/10527\/revisions\/10529"}],"wp:featuredmedia":[{"embeddable":true,"href":"https:\/\/radiokissnoticias.com.ar\/web\/wp-json\/wp\/v2\/media\/10528"}],"wp:attachment":[{"href":"https:\/\/radiokissnoticias.com.ar\/web\/wp-json\/wp\/v2\/media?parent=10527"}],"wp:term":[{"taxonomy":"category","embeddable":true,"href":"https:\/\/radiokissnoticias.com.ar\/web\/wp-json\/wp\/v2\/categories?post=10527"},{"taxonomy":"post_tag","embeddable":true,"href":"https:\/\/radiokissnoticias.com.ar\/web\/wp-json\/wp\/v2\/tags?post=10527"}],"curies":[{"name":"wp","href":"https:\/\/api.w.org\/{rel}","templated":true}]}}