{"id":10517,"date":"2026-07-26T13:55:17","date_gmt":"2026-07-26T16:55:17","guid":{"rendered":"https:\/\/radiokissnoticias.com.ar\/web\/?p=10517"},"modified":"2026-07-26T13:55:17","modified_gmt":"2026-07-26T16:55:17","slug":"el-viaje-de-milei-a-brasil-desato-una-dura-reaccion-del-gobierno-de-lula-y-elevo-la-tension-bilateral","status":"publish","type":"post","link":"https:\/\/radiokissnoticias.com.ar\/web\/2026\/07\/26\/el-viaje-de-milei-a-brasil-desato-una-dura-reaccion-del-gobierno-de-lula-y-elevo-la-tension-bilateral\/","title":{"rendered":"El viaje de Milei a Brasil desat\u00f3 una dura reacci\u00f3n del gobierno de Lula y elev\u00f3 la tensi\u00f3n bilateral"},"content":{"rendered":"<p>Las declaraciones del mandatario argentino en la convenci\u00f3n del Partido Liberal profundizaron el distanciamiento bilateral entre Buenos Aires y Brasilia.<\/p>\n<p>La visita del presidente Javier Milei a Brasil para participar de una convenci\u00f3n del Partido Liberal y respaldar la candidatura presidencial de Fl\u00e1vio Bolsonaro gener\u00f3 un fuerte rechazo por parte del gobierno de Luiz In\u00e1cio Lula da Silva y profundiz\u00f3 la tensi\u00f3n diplom\u00e1tica entre ambos pa\u00edses.<\/p>\n<p>Las cr\u00edticas se desataron luego de que el mandatario argentino pronunciara un discurso de 25 minutos en San Pablo, donde volvi\u00f3 a cargar contra Lula, a quien llam\u00f3 &#8220;el ladr\u00f3n&#8221; y &#8220;el presidiario&#8221;, adem\u00e1s de cuestionar al juez del Supremo Tribunal Federal, Alexandre de Moraes, por impedirle visitar al expresidente Jair Bolsonaro, actualmente detenido.<\/p>\n<p>La respuesta m\u00e1s contundente lleg\u00f3 desde el Partido de los Trabajadores (PT), fuerza pol\u00edtica que lidera Lula. Su presidente, Edinho Silva, calific\u00f3 de &#8220;inadmisible&#8221; el comportamiento de Milei y sostuvo que &#8220;resulta inaceptable que un jefe de Estado extranjero visite nuestro pa\u00eds y se dirija a las instituciones brasile\u00f1as de manera irrespetuosa&#8221;.<\/p>\n<p>&#8220;No sorprende que el actual presidente de Argentina se comporte de esa manera. Ha demostrado en reiteradas oportunidades no estar a la altura del cargo que ejerce&#8221;, agreg\u00f3 el dirigente del oficialismo brasile\u00f1o en un comunicado.<\/p>\n<p>Las cr\u00edticas tambi\u00e9n provinieron del ministro de Relaciones Institucionales, Jos\u00e9 Guimar\u00e3es, quien cuestion\u00f3 el rumbo econ\u00f3mico del Gobierno argentino y afirm\u00f3 que Milei deber\u00eda comprender que &#8220;gobernar es cuidar de las personas y no desmantelar derechos&#8221;, al tiempo que defendi\u00f3 el modelo de crecimiento impulsado por la administraci\u00f3n de Lula.<\/p>\n<p>El rechazo alcanz\u00f3 adem\u00e1s al m\u00e1ximo nivel del Poder Judicial brasile\u00f1o, pudo saber la Agencia Noticias Argentinas. El presidente del Supremo Tribunal Federal, Luiz Edson Fachin, calific\u00f3 de &#8220;irrespetuosas&#8221; las expresiones del mandatario argentino contra el juez Alexandre de Moraes y reivindic\u00f3 la independencia de la Justicia brasile\u00f1a, al sostener que ning\u00fan jefe de Estado extranjero puede menospreciar sus instituciones.<\/p>\n<p>Durante su exposici\u00f3n ante dirigentes y militantes bolsonaristas, Milei tambi\u00e9n defendi\u00f3 su programa econ\u00f3mico y lanz\u00f3 nuevas cr\u00edticas contra la izquierda en la regi\u00f3n. &#8220;Los argentinos somos profetas de un futuro dist\u00f3pico. Vivimos las consecuencias de llevar el socialismo hasta las \u00faltimas consecuencias y vimos c\u00f3mo los zurdos nos hundieron en la pobreza&#8221;, afirm\u00f3.<\/p>\n<p>El Presidente viaj\u00f3 a Brasil sin mantener reuniones con autoridades del gobierno de Lula y concentr\u00f3 toda su agenda en actividades junto al espacio pol\u00edtico de Jair Bolsonaro. Se trat\u00f3 de su tercer viaje al pa\u00eds desde que asumi\u00f3 la Presidencia y volvi\u00f3 a poner de manifiesto el delicado momento que atraviesa la relaci\u00f3n bilateral entre Buenos Aires y Brasilia, socios estrat\u00e9gicos en el Mercosur pero enfrentados por las profundas diferencias ideol\u00f3gicas entre ambos mandatarios.<\/p>\n","protected":false},"excerpt":{"rendered":"<p>Las declaraciones del mandatario argentino en la convenci\u00f3n del Partido Liberal profundizaron el distanciamiento bilateral entre Buenos Aires y Brasilia. La visita del presidente Javier Milei a Brasil para participar de una convenci\u00f3n del Partido Liberal y respaldar la candidatura presidencial de Fl\u00e1vio Bolsonaro gener\u00f3 un fuerte rechazo por parte del gobierno de Luiz In\u00e1cio [&hellip;]<\/p>\n","protected":false},"author":2,"featured_media":10518,"comment_status":"open","ping_status":"open","sticky":false,"template":"","format":"standard","meta":{"footnotes":""},"categories":[81],"tags":[],"class_list":["post-10517","post","type-post","status-publish","format-standard","has-post-thumbnail","category-politica"],"_links":{"self":[{"href":"https:\/\/radiokissnoticias.com.ar\/web\/wp-json\/wp\/v2\/posts\/10517","targetHints":{"allow":["GET"]}}],"collection":[{"href":"https:\/\/radiokissnoticias.com.ar\/web\/wp-json\/wp\/v2\/posts"}],"about":[{"href":"https:\/\/radiokissnoticias.com.ar\/web\/wp-json\/wp\/v2\/types\/post"}],"author":[{"embeddable":true,"href":"https:\/\/radiokissnoticias.com.ar\/web\/wp-json\/wp\/v2\/users\/2"}],"replies":[{"embeddable":true,"href":"https:\/\/radiokissnoticias.com.ar\/web\/wp-json\/wp\/v2\/comments?post=10517"}],"version-history":[{"count":2,"href":"https:\/\/radiokissnoticias.com.ar\/web\/wp-json\/wp\/v2\/posts\/10517\/revisions"}],"predecessor-version":[{"id":10520,"href":"https:\/\/radiokissnoticias.com.ar\/web\/wp-json\/wp\/v2\/posts\/10517\/revisions\/10520"}],"wp:featuredmedia":[{"embeddable":true,"href":"https:\/\/radiokissnoticias.com.ar\/web\/wp-json\/wp\/v2\/media\/10518"}],"wp:attachment":[{"href":"https:\/\/radiokissnoticias.com.ar\/web\/wp-json\/wp\/v2\/media?parent=10517"}],"wp:term":[{"taxonomy":"category","embeddable":true,"href":"https:\/\/radiokissnoticias.com.ar\/web\/wp-json\/wp\/v2\/categories?post=10517"},{"taxonomy":"post_tag","embeddable":true,"href":"https:\/\/radiokissnoticias.com.ar\/web\/wp-json\/wp\/v2\/tags?post=10517"}],"curies":[{"name":"wp","href":"https:\/\/api.w.org\/{rel}","templated":true}]}}