{"id":10499,"date":"2026-07-26T00:14:59","date_gmt":"2026-07-26T03:14:59","guid":{"rendered":"https:\/\/radiokissnoticias.com.ar\/web\/?p=10499"},"modified":"2026-07-26T00:14:59","modified_gmt":"2026-07-26T03:14:59","slug":"nacion-activo-alerta-sofia-por-una-adolescente-desaparecida-en-curuzu-cuatia","status":"publish","type":"post","link":"https:\/\/radiokissnoticias.com.ar\/web\/2026\/07\/26\/nacion-activo-alerta-sofia-por-una-adolescente-desaparecida-en-curuzu-cuatia\/","title":{"rendered":"Naci\u00f3n activ\u00f3 Alerta Sof\u00eda por una adolescente desaparecida en Curuz\u00fa Cuati\u00e1"},"content":{"rendered":"<p>El Ministerio de Seguridad de la Naci\u00f3n activ\u00f3 este s\u00e1bado el &#8220;Alerta Sof\u00eda&#8221; para encontrar cuanto antes a una adolescente correntina que desapareci\u00f3 en la ciudad de Curuz\u00fa Cuati\u00e1. Se trata de Iara Ayelen Duprat, de 17 a\u00f1os, de quien no saben su paradero.<\/p>\n<p><img loading=\"lazy\" decoding=\"async\" class=\"alignnone size-medium wp-image-10501\" src=\"https:\/\/radiokissnoticias.com.ar\/web\/wp-content\/uploads\/2026\/07\/descarga-2026-07-26T001219.552-1-169x300.jpeg\" alt=\"\" width=\"169\" height=\"300\" srcset=\"https:\/\/radiokissnoticias.com.ar\/web\/wp-content\/uploads\/2026\/07\/descarga-2026-07-26T001219.552-1-169x300.jpeg 169w, https:\/\/radiokissnoticias.com.ar\/web\/wp-content\/uploads\/2026\/07\/descarga-2026-07-26T001219.552-1-576x1024.jpeg 576w, https:\/\/radiokissnoticias.com.ar\/web\/wp-content\/uploads\/2026\/07\/descarga-2026-07-26T001219.552-1-768x1365.jpeg 768w, https:\/\/radiokissnoticias.com.ar\/web\/wp-content\/uploads\/2026\/07\/descarga-2026-07-26T001219.552-1-236x420.jpeg 236w, https:\/\/radiokissnoticias.com.ar\/web\/wp-content\/uploads\/2026\/07\/descarga-2026-07-26T001219.552-1-696x1237.jpeg 696w, https:\/\/radiokissnoticias.com.ar\/web\/wp-content\/uploads\/2026\/07\/descarga-2026-07-26T001219.552-1.jpeg 800w\" sizes=\"auto, (max-width: 169px) 100vw, 169px\" \/><\/p>\n<p>La Polic\u00eda de Corrientes dio a conocer en la ma\u00f1ana de este s\u00e1bado el pedido de localizaci\u00f3n de la menor. En el reporte mencionaron que la conocer con el apodo de \u201cKiara\u201d y que al momento de ser vista por \u00faltima vez, vest\u00eda: un pantal\u00f3n negro, un buzo blanco con mangas beige y negro, y una mochila con prendas de vestir en su interior.<\/p>\n<p>Por su parte, el Ministerio nacional resalt\u00f3 que la joven es: \u201cde contextura f\u00edsica robusta, mide aproximadamente 1,55 metros, tiene tez blanca, cabello corto hasta los hombros de color negro azulado y ojos verdes. Posee un tatuaje en una de sus manos con la inscripci\u00f3n \u2018DALIL\u2019 y mariposas, otro tatuaje en las costillas con la inscripci\u00f3n \u2018MAURICIO\u2019 y un tercer tatuaje con la inscripci\u00f3n \u2018BRYAN\u2019\u201d.<\/p>\n<p>Si ten\u00e9s informaci\u00f3n que permita dar con su paradero, comunicate a la l\u00ednea 134, de manera gratuita, an\u00f3nima y disponible las 24 horas.<\/p>\n<p>Tambi\u00e9n se puede llamar a Comisar\u00eda de la Mujer y el Menor de Curuz\u00fa Cuati\u00e1, nro. 3794-504628; o la Dependencia Policial m\u00e1s cercana a su domicilio y\/o comunicarse al n\u00famero telef\u00f3nico gratuito.<\/p>\n","protected":false},"excerpt":{"rendered":"<p>El Ministerio de Seguridad de la Naci\u00f3n activ\u00f3 este s\u00e1bado el &#8220;Alerta Sof\u00eda&#8221; para encontrar cuanto antes a una adolescente correntina que desapareci\u00f3 en la ciudad de Curuz\u00fa Cuati\u00e1. Se trata de Iara Ayelen Duprat, de 17 a\u00f1os, de quien no saben su paradero. La Polic\u00eda de Corrientes dio a conocer en la ma\u00f1ana de [&hellip;]<\/p>\n","protected":false},"author":2,"featured_media":10502,"comment_status":"open","ping_status":"open","sticky":false,"template":"","format":"standard","meta":{"footnotes":""},"categories":[82],"tags":[],"class_list":["post-10499","post","type-post","status-publish","format-standard","has-post-thumbnail","category-policiales"],"_links":{"self":[{"href":"https:\/\/radiokissnoticias.com.ar\/web\/wp-json\/wp\/v2\/posts\/10499","targetHints":{"allow":["GET"]}}],"collection":[{"href":"https:\/\/radiokissnoticias.com.ar\/web\/wp-json\/wp\/v2\/posts"}],"about":[{"href":"https:\/\/radiokissnoticias.com.ar\/web\/wp-json\/wp\/v2\/types\/post"}],"author":[{"embeddable":true,"href":"https:\/\/radiokissnoticias.com.ar\/web\/wp-json\/wp\/v2\/users\/2"}],"replies":[{"embeddable":true,"href":"https:\/\/radiokissnoticias.com.ar\/web\/wp-json\/wp\/v2\/comments?post=10499"}],"version-history":[{"count":1,"href":"https:\/\/radiokissnoticias.com.ar\/web\/wp-json\/wp\/v2\/posts\/10499\/revisions"}],"predecessor-version":[{"id":10503,"href":"https:\/\/radiokissnoticias.com.ar\/web\/wp-json\/wp\/v2\/posts\/10499\/revisions\/10503"}],"wp:featuredmedia":[{"embeddable":true,"href":"https:\/\/radiokissnoticias.com.ar\/web\/wp-json\/wp\/v2\/media\/10502"}],"wp:attachment":[{"href":"https:\/\/radiokissnoticias.com.ar\/web\/wp-json\/wp\/v2\/media?parent=10499"}],"wp:term":[{"taxonomy":"category","embeddable":true,"href":"https:\/\/radiokissnoticias.com.ar\/web\/wp-json\/wp\/v2\/categories?post=10499"},{"taxonomy":"post_tag","embeddable":true,"href":"https:\/\/radiokissnoticias.com.ar\/web\/wp-json\/wp\/v2\/tags?post=10499"}],"curies":[{"name":"wp","href":"https:\/\/api.w.org\/{rel}","templated":true}]}}