{"id":10496,"date":"2026-07-26T00:01:08","date_gmt":"2026-07-26T03:01:08","guid":{"rendered":"https:\/\/radiokissnoticias.com.ar\/web\/?p=10496"},"modified":"2026-07-26T00:01:08","modified_gmt":"2026-07-26T03:01:08","slug":"identifican-y-detienen-al-presunto-autor-de-exhibiciones-obscenas","status":"publish","type":"post","link":"https:\/\/radiokissnoticias.com.ar\/web\/2026\/07\/26\/identifican-y-detienen-al-presunto-autor-de-exhibiciones-obscenas\/","title":{"rendered":"Identifican y detienen al presunto autor de exhibiciones obscenas"},"content":{"rendered":"<p>La Comisar\u00eda Primera de Goya informa que, en el marco de una investigaci\u00f3n iniciada a ra\u00edz de una denuncia radicada el pasado 20 de julio por un hecho de exhibiciones obscenas ocurrido en un local comercial de esta ciudad, personal de la Divisi\u00f3n Investigaciones logr\u00f3 esclarecer el caso.<\/p>\n<p>La denuncia fue formulada por una empleada del comercio, quien manifest\u00f3 que un hombre ingres\u00f3 al local simulando ser un cliente y, tras retirarse, constat\u00f3 un hecho de connotaci\u00f3n sexual en uno de los probadores. A partir del an\u00e1lisis de las secuencias f\u00edlmicas y de las tareas investigativas realizadas, se logr\u00f3 identificar al presunto autor.<\/p>\n<p>Como resultado de las diligencias, en la fecha se procedi\u00f3 a la aprehensi\u00f3n de un hombre de 28 a\u00f1os, quien permanece alojado en la Comisar\u00eda Primera de Goya, conforme a las disposiciones legales vigentes, mientras contin\u00faan las actuaciones judiciales correspondientes.<\/p>\n","protected":false},"excerpt":{"rendered":"<p>La Comisar\u00eda Primera de Goya informa que, en el marco de una investigaci\u00f3n iniciada a ra\u00edz de una denuncia radicada el pasado 20 de julio por un hecho de exhibiciones obscenas ocurrido en un local comercial de esta ciudad, personal de la Divisi\u00f3n Investigaciones logr\u00f3 esclarecer el caso. La denuncia fue formulada por una empleada [&hellip;]<\/p>\n","protected":false},"author":2,"featured_media":10497,"comment_status":"open","ping_status":"open","sticky":false,"template":"","format":"standard","meta":{"footnotes":""},"categories":[82],"tags":[],"class_list":["post-10496","post","type-post","status-publish","format-standard","has-post-thumbnail","category-policiales"],"_links":{"self":[{"href":"https:\/\/radiokissnoticias.com.ar\/web\/wp-json\/wp\/v2\/posts\/10496","targetHints":{"allow":["GET"]}}],"collection":[{"href":"https:\/\/radiokissnoticias.com.ar\/web\/wp-json\/wp\/v2\/posts"}],"about":[{"href":"https:\/\/radiokissnoticias.com.ar\/web\/wp-json\/wp\/v2\/types\/post"}],"author":[{"embeddable":true,"href":"https:\/\/radiokissnoticias.com.ar\/web\/wp-json\/wp\/v2\/users\/2"}],"replies":[{"embeddable":true,"href":"https:\/\/radiokissnoticias.com.ar\/web\/wp-json\/wp\/v2\/comments?post=10496"}],"version-history":[{"count":1,"href":"https:\/\/radiokissnoticias.com.ar\/web\/wp-json\/wp\/v2\/posts\/10496\/revisions"}],"predecessor-version":[{"id":10498,"href":"https:\/\/radiokissnoticias.com.ar\/web\/wp-json\/wp\/v2\/posts\/10496\/revisions\/10498"}],"wp:featuredmedia":[{"embeddable":true,"href":"https:\/\/radiokissnoticias.com.ar\/web\/wp-json\/wp\/v2\/media\/10497"}],"wp:attachment":[{"href":"https:\/\/radiokissnoticias.com.ar\/web\/wp-json\/wp\/v2\/media?parent=10496"}],"wp:term":[{"taxonomy":"category","embeddable":true,"href":"https:\/\/radiokissnoticias.com.ar\/web\/wp-json\/wp\/v2\/categories?post=10496"},{"taxonomy":"post_tag","embeddable":true,"href":"https:\/\/radiokissnoticias.com.ar\/web\/wp-json\/wp\/v2\/tags?post=10496"}],"curies":[{"name":"wp","href":"https:\/\/api.w.org\/{rel}","templated":true}]}}