{"id":10480,"date":"2026-07-25T20:50:59","date_gmt":"2026-07-25T23:50:59","guid":{"rendered":"https:\/\/radiokissnoticias.com.ar\/web\/?p=10480"},"modified":"2026-07-26T04:07:52","modified_gmt":"2026-07-26T07:07:52","slug":"https-radiokissnoticias-com-ar-web-wp-admin-post-phppost10480actionedit","status":"publish","type":"post","link":"https:\/\/radiokissnoticias.com.ar\/web\/2026\/07\/25\/https-radiokissnoticias-com-ar-web-wp-admin-post-phppost10480actionedit\/","title":{"rendered":"Con r\u00e9cord de feriantes, comenz\u00f3 el 26\u00b0 Encuentro de Ferias Francas en Corrientes"},"content":{"rendered":"<p>Con la participaci\u00f3n de autoridades, productores y emprendedores, dio inicio este s\u00e1bado en el Parque Mitre una nueva edici\u00f3n del encuentro que se extender\u00e1 hasta este domingo. M\u00e1s de 400 feriantes de Corrientes y provincias vecinas ofrecen productos de la agricultura familiar, artesan\u00edas y elaboraciones regionales.<\/p>\n<div>Ante una masiva concurrencia, el 26\u00b0 Encuentro de Ferias Francas qued\u00f3 inaugurada esta ma\u00f1ana en el Parque Mitre de Capital, a trav\u00e9s de un acto que incluy\u00f3 la bendici\u00f3n de monse\u00f1or Jos\u00e9 Adolfo Larregain.<\/div>\n<div><\/div>\n<div>La organizaci\u00f3n del evento est\u00e1 a cargo de la Asociaci\u00f3n Provincial de Ferias Francas de Corrientes, con el acompa\u00f1amiento del Gobierno de Corrientes, a trav\u00e9s del IDERCOR, los ministerios de Producci\u00f3n, de Turismo y de Desarrollo Social; la Secretar\u00eda General de Gobierno; Municipalidad de Corrientes, INCUPO, INTA, C\u00e1ritas, FONAF y municipios del interior.<\/div>\n<div><\/div>\n<div>En la oportunidad, el subsecretario de Producci\u00f3n de la Provincia Juan Manuel Pomar, resalt\u00f3 el valor econ\u00f3mico y social de las Ferias Francas al afirmar que detr\u00e1s de cada puesto &#8220;hay una familia entera trabajando, desarroll\u00e1ndose y trayendo el fruto de su esfuerzo&#8221;. En ese marco, ratific\u00f3 el compromiso del Gobierno provincial con los peque\u00f1os productores y sostuvo que &#8220;seguimos confiando en que ustedes son la base del desarrollo de la econom\u00eda regional y de la provincia&#8221;.<\/div>\n<div><\/div>\n<div>Asimismo, destac\u00f3 que la Provincia decidi\u00f3 sostener el acompa\u00f1amiento al sector mediante pol\u00edticas destinadas a fortalecer la producci\u00f3n, la sanidad y la comercializaci\u00f3n.<\/div>\n<div><\/div>\n<div>Por su parte, la presidenta de la Asociaci\u00f3n Provincial de Ferias Francas, Antonia B\u00e1ez, destac\u00f3 que los 26 a\u00f1os de historia del movimiento &#8220;son fruto de nuestros socios fundadores, de las cooperativas y de las organizaciones hermanas&#8221;.<\/div>\n<div><\/div>\n<div>Asimismo, destac\u00f3 el protagonismo de las mujeres en el A\u00f1o Internacional de las Mujeres Rurales y expres\u00f3 su &#8220;respeto y admiraci\u00f3n&#8221; hacia quienes hicieron posible el crecimiento de las Ferias Francas. &#8220;No es f\u00e1cil, pero hoy podemos contar que la Asociaci\u00f3n tiene su propia sede y estamos en una nueva etapa&#8221;, manifest\u00f3.<\/div>\n<div><\/div>\n<div><b>Protagonistas<\/b><\/div>\n<div><\/div>\n<div>\n<div>Entre los expositores, Daniela, de Mates Criollos, quien participa por primera vez en el Encuentro de las Ferias Francas, destac\u00f3 la importancia del contacto directo con los consumidores y asegur\u00f3 que este tipo de espacios resulta &#8220;fundamental&#8221; para dar a conocer los productos y potenciar las ventas. A su turno, Marcos, de Regionales \u00d1and\u00e9, valor\u00f3 el acompa\u00f1amiento del Gobierno provincial en la organizaci\u00f3n de este tipo de eventos y remarc\u00f3 que permiten reunir &#8220;a productores correntinos y de otras provincias en un mismo espacio&#8221;, favoreciendo el intercambio de experiencias y fortaleciendo la producci\u00f3n regional.<\/div>\n<div><\/div>\n<div>El Encuentro de las Ferias Francas continuar\u00e1 este domingo en el Parque Mitre con la participaci\u00f3n de m\u00e1s de 400 feriantes, emprendedores y artesanos de distintos puntos de Corrientes y provincias vecinas. Adem\u00e1s de la comercializaci\u00f3n de frutas, verduras, panificados, dulces, conservas, plantas, artesan\u00edas y productos regionales, el p\u00fablico podr\u00e1 disfrutar de espect\u00e1culos musicales, propuestas culturales, un patio gastron\u00f3mico y actividades recreativas para toda la familia.<\/div>\n<\/div>\n","protected":false},"excerpt":{"rendered":"<p>Con la participaci\u00f3n de autoridades, productores y emprendedores, dio inicio este s\u00e1bado en el Parque Mitre una nueva edici\u00f3n del encuentro que se extender\u00e1 hasta este domingo. M\u00e1s de 400 feriantes de Corrientes y provincias vecinas ofrecen productos de la agricultura familiar, artesan\u00edas y elaboraciones regionales. Ante una masiva concurrencia, el 26\u00b0 Encuentro de Ferias [&hellip;]<\/p>\n","protected":false},"author":2,"featured_media":10513,"comment_status":"open","ping_status":"open","sticky":false,"template":"","format":"standard","meta":{"footnotes":""},"categories":[79],"tags":[],"class_list":["post-10480","post","type-post","status-publish","format-standard","has-post-thumbnail","category-provincia"],"_links":{"self":[{"href":"https:\/\/radiokissnoticias.com.ar\/web\/wp-json\/wp\/v2\/posts\/10480","targetHints":{"allow":["GET"]}}],"collection":[{"href":"https:\/\/radiokissnoticias.com.ar\/web\/wp-json\/wp\/v2\/posts"}],"about":[{"href":"https:\/\/radiokissnoticias.com.ar\/web\/wp-json\/wp\/v2\/types\/post"}],"author":[{"embeddable":true,"href":"https:\/\/radiokissnoticias.com.ar\/web\/wp-json\/wp\/v2\/users\/2"}],"replies":[{"embeddable":true,"href":"https:\/\/radiokissnoticias.com.ar\/web\/wp-json\/wp\/v2\/comments?post=10480"}],"version-history":[{"count":1,"href":"https:\/\/radiokissnoticias.com.ar\/web\/wp-json\/wp\/v2\/posts\/10480\/revisions"}],"predecessor-version":[{"id":10481,"href":"https:\/\/radiokissnoticias.com.ar\/web\/wp-json\/wp\/v2\/posts\/10480\/revisions\/10481"}],"wp:featuredmedia":[{"embeddable":true,"href":"https:\/\/radiokissnoticias.com.ar\/web\/wp-json\/wp\/v2\/media\/10513"}],"wp:attachment":[{"href":"https:\/\/radiokissnoticias.com.ar\/web\/wp-json\/wp\/v2\/media?parent=10480"}],"wp:term":[{"taxonomy":"category","embeddable":true,"href":"https:\/\/radiokissnoticias.com.ar\/web\/wp-json\/wp\/v2\/categories?post=10480"},{"taxonomy":"post_tag","embeddable":true,"href":"https:\/\/radiokissnoticias.com.ar\/web\/wp-json\/wp\/v2\/tags?post=10480"}],"curies":[{"name":"wp","href":"https:\/\/api.w.org\/{rel}","templated":true}]}}