{"id":10457,"date":"2026-07-25T12:15:57","date_gmt":"2026-07-25T15:15:57","guid":{"rendered":"https:\/\/radiokissnoticias.com.ar\/web\/?p=10457"},"modified":"2026-07-25T12:15:57","modified_gmt":"2026-07-25T15:15:57","slug":"milei-hablara-este-domingo-en-la-rural-con-poca-expectativa-de-anuncios","status":"publish","type":"post","link":"https:\/\/radiokissnoticias.com.ar\/web\/2026\/07\/25\/milei-hablara-este-domingo-en-la-rural-con-poca-expectativa-de-anuncios\/","title":{"rendered":"Milei hablar\u00e1 este domingo en la Rural con poca expectativa de anuncios"},"content":{"rendered":"<p>\u201cLos grandes anuncios ya se hicieron\u201d, se\u00f1al\u00f3 el ministro de Econom\u00eda, Luis Caputo. Antes de los discursos desfilar\u00e1n los grandes campeones de las distintas razas, la maquinaria agr\u00edcola, los carruajes y las delegaciones tradicionalistas.<\/p>\n<p>El presidente Javier Milei hablar\u00e1 este domingo en el acto central de la Exposici\u00f3n Rural de Palermo, en un d\u00eda inusual, ya que suele hacerse un s\u00e1bado.<\/p>\n<p>El viaje de Milei a Brasil para apoyar la candidatura de Fl\u00e1vio Bolsonaro oblig\u00f3 a cambiar el d\u00eda tradicional del acto principal de la exposici\u00f3n.<\/p>\n<p>Antes de los discursos desfilar\u00e1n los grandes campeones de las distintas razas, la maquinaria agr\u00edcola, los carruajes y las delegaciones tradicionalistas.<\/p>\n<p>Milei volver\u00e1 en el barrio de Palermo a ocupar el centro de una ceremonia donde no se esperan grandes anuncios, seg\u00fan anticip\u00f3 el ministro de Econom\u00eda, Luis Caputo, y enfri\u00f3 las chances de bajar retenciones.<\/p>\n<p>Una de las inc\u00f3gnitas estar\u00e1 en el palco oficial, ya que estar\u00eda invitada la vicepresidenta Victoria Villarruel, distanciada de Milei, y que el a\u00f1o pasado no asisti\u00f3.<\/p>\n<p>Aunque popularmente se la conoce como \u201cla apertura de la Rural\u201d, la ceremonia marca en realidad el cierre institucional de la exposici\u00f3n.<\/p>\n<p>En su discurso, el presidente de la Rural suele hacer un recorrido por lo ocurrido durante el \u00faltimo a\u00f1o, repasar las medidas adoptadas por el Gobierno, plantear los reclamos que todav\u00eda mantiene el sector y transmitir sus expectativas para los pr\u00f3ximos meses.<\/p>\n<p>Despu\u00e9s habla el jefe de Estado, que suele aprovechar la tribuna de Palermo para responder con definiciones, anuncios o se\u00f1ales dirigidas al campo.<\/p>\n<p>M\u00e1s all\u00e1 de la baja expectativa por los anuncios, algunos sectores a puntan a la eliminaci\u00f3n del 5% de derechos de exportaci\u00f3n que todav\u00eda paga la carne vacuna de novillo.<\/p>\n<p>Ser\u00eda una decisi\u00f3n que tendr\u00eda un costo fiscal cercano a los US$ 130 millones este a\u00f1o.Tambi\u00e9n a los derechos de exportaci\u00f3n en granos, el segmento de mayor peso econ\u00f3mico dentro del sector agropecuario.<\/p>\n<p>En mayo pasado, el Gobierno anunci\u00f3 una baja de las retenciones al trigo y la cebada y una reducci\u00f3n gradual desde enero pr\u00f3ximo para la soja, el ma\u00edz, el girasol y el sorgo.<\/p>\n<p>Sectores ruralistas dicen que aunque el cronograma ya est\u00e1 definido, Milei podr\u00eda aprovechar la Rural para acelerar alguna de esas rebajas.<\/p>\n<p>El a\u00f1o pasado, Milei lleg\u00f3 al acto inaugural a bordo de una camioneta acompa\u00f1ado por la secretaria general de la Presidencia, Karina Milei, y el ministro Caputo, en medio de una fuerte ovaci\u00f3n.<\/p>\n<p>La ganader\u00eda est\u00e1 atravesando un momento favorable, con valores hist\u00f3ricamente altos para la hacienda y una exposici\u00f3n dominada por los reproductores de las principales razas bovinas y equinas.<\/p>\n","protected":false},"excerpt":{"rendered":"<p>\u201cLos grandes anuncios ya se hicieron\u201d, se\u00f1al\u00f3 el ministro de Econom\u00eda, Luis Caputo. Antes de los discursos desfilar\u00e1n los grandes campeones de las distintas razas, la maquinaria agr\u00edcola, los carruajes y las delegaciones tradicionalistas. El presidente Javier Milei hablar\u00e1 este domingo en el acto central de la Exposici\u00f3n Rural de Palermo, en un d\u00eda inusual, [&hellip;]<\/p>\n","protected":false},"author":2,"featured_media":10458,"comment_status":"open","ping_status":"open","sticky":false,"template":"","format":"standard","meta":{"footnotes":""},"categories":[78],"tags":[],"class_list":["post-10457","post","type-post","status-publish","format-standard","has-post-thumbnail","category-nacional"],"_links":{"self":[{"href":"https:\/\/radiokissnoticias.com.ar\/web\/wp-json\/wp\/v2\/posts\/10457","targetHints":{"allow":["GET"]}}],"collection":[{"href":"https:\/\/radiokissnoticias.com.ar\/web\/wp-json\/wp\/v2\/posts"}],"about":[{"href":"https:\/\/radiokissnoticias.com.ar\/web\/wp-json\/wp\/v2\/types\/post"}],"author":[{"embeddable":true,"href":"https:\/\/radiokissnoticias.com.ar\/web\/wp-json\/wp\/v2\/users\/2"}],"replies":[{"embeddable":true,"href":"https:\/\/radiokissnoticias.com.ar\/web\/wp-json\/wp\/v2\/comments?post=10457"}],"version-history":[{"count":1,"href":"https:\/\/radiokissnoticias.com.ar\/web\/wp-json\/wp\/v2\/posts\/10457\/revisions"}],"predecessor-version":[{"id":10459,"href":"https:\/\/radiokissnoticias.com.ar\/web\/wp-json\/wp\/v2\/posts\/10457\/revisions\/10459"}],"wp:featuredmedia":[{"embeddable":true,"href":"https:\/\/radiokissnoticias.com.ar\/web\/wp-json\/wp\/v2\/media\/10458"}],"wp:attachment":[{"href":"https:\/\/radiokissnoticias.com.ar\/web\/wp-json\/wp\/v2\/media?parent=10457"}],"wp:term":[{"taxonomy":"category","embeddable":true,"href":"https:\/\/radiokissnoticias.com.ar\/web\/wp-json\/wp\/v2\/categories?post=10457"},{"taxonomy":"post_tag","embeddable":true,"href":"https:\/\/radiokissnoticias.com.ar\/web\/wp-json\/wp\/v2\/tags?post=10457"}],"curies":[{"name":"wp","href":"https:\/\/api.w.org\/{rel}","templated":true}]}}