{"id":10453,"date":"2026-07-25T12:13:59","date_gmt":"2026-07-25T15:13:59","guid":{"rendered":"https:\/\/radiokissnoticias.com.ar\/web\/?p=10453"},"modified":"2026-07-25T12:13:59","modified_gmt":"2026-07-25T15:13:59","slug":"carrera-52o-aniversario-club-atenas-mas-de-un-centenar-de-corredores-participaran-de-la-corrida","status":"publish","type":"post","link":"https:\/\/radiokissnoticias.com.ar\/web\/2026\/07\/25\/carrera-52o-aniversario-club-atenas-mas-de-un-centenar-de-corredores-participaran-de-la-corrida\/","title":{"rendered":"CARRERA 52\u00ba ANIVERSARIO CLUB ATENAS: m\u00e1s de un centenar de corredores participar\u00e1n de la corrida"},"content":{"rendered":"<p>El Vel\u00f3dromo Municipal &#8220;Lucho L\u00f3pez&#8221;, ser\u00e1 el punto de encuentro para la corrida en adhesi\u00f3n a los 52 a\u00f1os del club Atenas, pionero en el atletismo en Goya. La convocatoria es para este domingo 26 de julio desde las 9 horas.<\/p>\n<div><img loading=\"lazy\" decoding=\"async\" class=\"\" src=\"https:\/\/www.powernoticias.com\/images\/202607251221131069\" width=\"540\" height=\"765\" \/><\/div>\n<div><img loading=\"lazy\" decoding=\"async\" class=\"\" src=\"https:\/\/www.powernoticias.com\/images\/202607251221002351\" width=\"525\" height=\"661\" \/><\/div>\n<div><\/div>\n<div id=\"modalFulltext\">En contacto radial Gast\u00f3n Silva, integrante de la Comisi\u00f3n Directiva de la mencionada entidad deportiva, detallo las distancias establecidas, 3 Km de car\u00e1cter participativa dentro del vel\u00f3dromo, destinada a los menores, de 5 a 13 a\u00f1os, los 5 y 10K un circuito callejero de manera competitiva participando las categor\u00edas juveniles, mayores y adultos mayores varones y mujeres.<\/p>\n<p>En el di\u00e1logo radial reconoci\u00f3 el aporte de la Municipalidad de Goya a trav\u00e9s de diferentes \u00e1reas, Desarrollo Humano, Obras P\u00fablicas, Deportes, Tr\u00e1nsito, profesorado de educaci\u00f3n f\u00edsica y para la supervisi\u00f3n, fiscalizaci\u00f3n a YveraCrono.<\/p>\n<p>El dirigente deportivo adelant\u00f3 que m\u00e1s de un centenar de corredores se han inscripto a la carrera, informando adem\u00e1s que el s\u00e1bado de 9 a 12 horas, se har\u00e1 entrega de Kits, en la Direcci\u00f3n de Deportes, 9 de julio y Juan Esteban Mart\u00ednez.<\/p>\n<p>CARRERA ANIVERSARIO<\/p>\n<p>Gast\u00f3n Silva, durante la entrevista, se\u00f1alo: &#8220;Nos concentraremos en el Vel\u00f3dromo &#8220;Lucho Lopez&#8221; el domingo desde las 9 horas, la categor\u00eda participativa se correr\u00e1 dentro del circuito del vel\u00f3dromo en una distancia de 3 kil\u00f3metros y un trazado callejero en la zona sur de la ciudad, para las distancias de 5 y 10 kil\u00f3metros, estas carreras de car\u00e1cter competitiva.&#8221;<\/p>\n<p>CIRCUITOS PARA LA CORRIDA<\/p>\n<p>&#8220;La carrera competitiva se estableci\u00f3 para las 9 horas, -anticipo- &#8211; en las categor\u00edas, desde los 14 hasta los m\u00e1s de 70 a\u00f1os, para la Categor\u00eda infantiles se largar\u00e1 a las 10 y 30 horas, en el vel\u00f3dromo, Categor\u00eda hasta los 6 a\u00f1os 100 metros, hasta 8 a\u00f1os 500 metros, hasta 10 a\u00f1os 1000 metros y hasta 13 a\u00f1os 1500 metros, corresponde a tres vueltas por la pista de ciclismo.&#8221;<\/p>\n<p>Consultado sobre el trazado para las distancias competitivas, sostuvo: &#8220;Para el circuito competitivo se parte desde el Vel\u00f3dromo, un recorrido hasta detr\u00e1s de La Soledad, hasta Avenidas Alemania, Caa Guaz\u00fa, Del Trabajo, ingresando al vel\u00f3dromo para completar los 5 kil\u00f3metros, en el caso de los 10 Kil\u00f3metros el mismo recorrido girando en dos vueltas para completar esa distancia.&#8221;<\/p>\n<p>APOYO DE LA MUNICIPALIDAD<\/p>\n<p>El organizador, cont\u00f3: &#8220;Para desarrollar esta carrera aniversario de nuestro club, contaremos con el apoyo de las Direcciones de Transito, (para el corte de calles); de Deportes, incluyendo otras \u00e1reas del municipio, como salud, obras p\u00fablicas, sumando el acompa\u00f1amiento de las familias, el profesorado de educaci\u00f3n f\u00edsica, estamos agradecidos por la colaboraci\u00f3n.&#8221;<\/p>\n<p>El dirigente de Atenas, mencion\u00f3: &#8220;queremos mantener viva la memoria, la pasi\u00f3n, impulsada por nuestro mentor Mario D\u00edaz.&#8221;<\/p>\n<p>M\u00c1S DE UN CENTENAR DE CORREDORES, ENTREGA DE KITS<\/p>\n<p>Finalmente, Gast\u00f3n Silva, sostuvo: &#8220;Estimamos que formaran parte de esta carrera m\u00e1s de un centenar de corredores, para inscripci\u00f3n, fiscalizaci\u00f3n contamos con el aporte de YveraCrono; invitamos a los vecinos a acompa\u00f1ar esta prueba, el ingreso es libre y gratuito, tendremos servicio de cantina, queremos vivir una gran jornada deportiva este domingo, desde las 9 horas, en el Vel\u00f3dromo Municipal &#8220;Lucho Lopez&#8221;.<\/p>\n<p>Direcci\u00f3n de Prensa-Municipalidad de Goya<\/p><\/div>\n<div>\n<div id=\"117986-4\"><\/div>\n<\/div>\n","protected":false},"excerpt":{"rendered":"<p>El Vel\u00f3dromo Municipal &#8220;Lucho L\u00f3pez&#8221;, ser\u00e1 el punto de encuentro para la corrida en adhesi\u00f3n a los 52 a\u00f1os del club Atenas, pionero en el atletismo en Goya. La convocatoria es para este domingo 26 de julio desde las 9 horas. En contacto radial Gast\u00f3n Silva, integrante de la Comisi\u00f3n Directiva de la mencionada entidad [&hellip;]<\/p>\n","protected":false},"author":2,"featured_media":10454,"comment_status":"open","ping_status":"open","sticky":false,"template":"","format":"standard","meta":{"footnotes":""},"categories":[83],"tags":[],"class_list":["post-10453","post","type-post","status-publish","format-standard","has-post-thumbnail","category-deporte"],"_links":{"self":[{"href":"https:\/\/radiokissnoticias.com.ar\/web\/wp-json\/wp\/v2\/posts\/10453","targetHints":{"allow":["GET"]}}],"collection":[{"href":"https:\/\/radiokissnoticias.com.ar\/web\/wp-json\/wp\/v2\/posts"}],"about":[{"href":"https:\/\/radiokissnoticias.com.ar\/web\/wp-json\/wp\/v2\/types\/post"}],"author":[{"embeddable":true,"href":"https:\/\/radiokissnoticias.com.ar\/web\/wp-json\/wp\/v2\/users\/2"}],"replies":[{"embeddable":true,"href":"https:\/\/radiokissnoticias.com.ar\/web\/wp-json\/wp\/v2\/comments?post=10453"}],"version-history":[{"count":2,"href":"https:\/\/radiokissnoticias.com.ar\/web\/wp-json\/wp\/v2\/posts\/10453\/revisions"}],"predecessor-version":[{"id":10456,"href":"https:\/\/radiokissnoticias.com.ar\/web\/wp-json\/wp\/v2\/posts\/10453\/revisions\/10456"}],"wp:featuredmedia":[{"embeddable":true,"href":"https:\/\/radiokissnoticias.com.ar\/web\/wp-json\/wp\/v2\/media\/10454"}],"wp:attachment":[{"href":"https:\/\/radiokissnoticias.com.ar\/web\/wp-json\/wp\/v2\/media?parent=10453"}],"wp:term":[{"taxonomy":"category","embeddable":true,"href":"https:\/\/radiokissnoticias.com.ar\/web\/wp-json\/wp\/v2\/categories?post=10453"},{"taxonomy":"post_tag","embeddable":true,"href":"https:\/\/radiokissnoticias.com.ar\/web\/wp-json\/wp\/v2\/tags?post=10453"}],"curies":[{"name":"wp","href":"https:\/\/api.w.org\/{rel}","templated":true}]}}