{"id":10445,"date":"2026-07-24T20:48:03","date_gmt":"2026-07-24T23:48:03","guid":{"rendered":"https:\/\/radiokissnoticias.com.ar\/web\/?p=10445"},"modified":"2026-07-24T20:48:03","modified_gmt":"2026-07-24T23:48:03","slug":"futbol-local-central-y-huracan-definen-al-campeon-del-torneo-apertura","status":"publish","type":"post","link":"https:\/\/radiokissnoticias.com.ar\/web\/2026\/07\/24\/futbol-local-central-y-huracan-definen-al-campeon-del-torneo-apertura\/","title":{"rendered":"F\u00daTBOL LOCAL: Central y Hurac\u00e1n definen al campe\u00f3n del Torneo Apertura"},"content":{"rendered":"<p>Dos de los tres grandes del f\u00fatbol goyano, volver\u00e1n a escribir un nuevo cap\u00edtulo de una rivalidad hist\u00f3rica. Este domingo desde las 15,30, Central intentar\u00e1 estirar su paternidad reciente sobre Hurac\u00e1n, mientras que el Sabalero buscar\u00e1 romper la racha adversa y consagrarse campe\u00f3n en el estadio de su cl\u00e1sico rival.<\/p>\n<p>Lleg\u00f3 el d\u00eda esperado. Central Goya y Hurac\u00e1n volver\u00e1n a verse las caras este domingo desde las 15:30, en el estadio Pedro Celestino L\u00f3pez, para definir al campe\u00f3n del Torneo Apertura de Primera Divisi\u00f3n que organiza la Liga Goyana de F\u00fatbol.<\/p>\n<p>No ser\u00e1 un cl\u00e1sico m\u00e1s. Adem\u00e1s del t\u00edtulo en juego, el encuentro tendr\u00e1 una carga hist\u00f3rica y emocional que promete un marco acorde a la magnitud del duelo. Ambos llegan tras eliminar por penales a sus respectivos rivales en semifinales: el Negro dej\u00f3 en el camino a Ca\u00f1onazo de Lavalle, mientras que el Sabalero hizo lo propio frente a Benjam\u00edn Matienzo.<\/p>\n<p>Ser\u00e1 el cuarto enfrentamiento entre ambos equipos en lo que va del a\u00f1o. Los dos primeros correspondieron al Torneo Provincial de Clubes, mientras que el antecedente m\u00e1s reciente se registr\u00f3 el pasado 20 de junio, por la sexta fecha del Apertura. Aquella tarde, Central se impuso 2 a 1 en el estadio Ram\u00f3n Cacique Oviedo con un doblete del juvenil Pablo Merlo, mientras que Jorge Maciel descont\u00f3 para el conjunto dirigido por Maximiliano Ruiz D\u00edaz.<\/p>\n<p>M\u00e1s all\u00e1 de ese antecedente inmediato, el historial reciente favorece claramente al conjunto del sur. La \u00faltima victoria de Hurac\u00e1n sobre su cl\u00e1sico rival se remonta a noviembre de 2023, cuando se impuso 3 a 1 por el Torneo Regional Federal Amateur con goles de Justo Sosa \u2014hoy figura de Central\u2014, Juan Valenzuela y Facundo Vallejos.<\/p>\n<p>Desde entonces, el Negro logr\u00f3 inclinar la balanza a su favor y buscar\u00e1 este domingo no s\u00f3lo conquistar el primer t\u00edtulo de la temporada, sino tambi\u00e9n extender esa racha positiva frente a su rival de toda la vida.<\/p>\n<p>Del otro lado, Hurac\u00e1n afronta el desaf\u00edo de romper la sequ\u00eda en el cl\u00e1sico y hacerlo de la manera m\u00e1s resonante posible: consagr\u00e1ndose campe\u00f3n en el estadio de Central y ante su p\u00fablico, un condimento que agrega a\u00fan m\u00e1s tensi\u00f3n y expectativa a una final que paralizar\u00e1 al f\u00fatbol goyano.<\/p>\n<p>Con el orgullo, la historia y un campeonato en juego, el cl\u00e1sico promete noventa minutos de m\u00e1xima intensidad. Porque esta vez no habr\u00e1 revancha: el ganador levantar\u00e1 la copa y escribir\u00e1 un nuevo cap\u00edtulo en una de las rivalidades m\u00e1s grandes del f\u00fatbol correntino.<\/p>\n","protected":false},"excerpt":{"rendered":"<p>Dos de los tres grandes del f\u00fatbol goyano, volver\u00e1n a escribir un nuevo cap\u00edtulo de una rivalidad hist\u00f3rica. Este domingo desde las 15,30, Central intentar\u00e1 estirar su paternidad reciente sobre Hurac\u00e1n, mientras que el Sabalero buscar\u00e1 romper la racha adversa y consagrarse campe\u00f3n en el estadio de su cl\u00e1sico rival. Lleg\u00f3 el d\u00eda esperado. Central [&hellip;]<\/p>\n","protected":false},"author":2,"featured_media":10446,"comment_status":"open","ping_status":"open","sticky":false,"template":"","format":"standard","meta":{"footnotes":""},"categories":[83],"tags":[],"class_list":["post-10445","post","type-post","status-publish","format-standard","has-post-thumbnail","category-deporte"],"_links":{"self":[{"href":"https:\/\/radiokissnoticias.com.ar\/web\/wp-json\/wp\/v2\/posts\/10445","targetHints":{"allow":["GET"]}}],"collection":[{"href":"https:\/\/radiokissnoticias.com.ar\/web\/wp-json\/wp\/v2\/posts"}],"about":[{"href":"https:\/\/radiokissnoticias.com.ar\/web\/wp-json\/wp\/v2\/types\/post"}],"author":[{"embeddable":true,"href":"https:\/\/radiokissnoticias.com.ar\/web\/wp-json\/wp\/v2\/users\/2"}],"replies":[{"embeddable":true,"href":"https:\/\/radiokissnoticias.com.ar\/web\/wp-json\/wp\/v2\/comments?post=10445"}],"version-history":[{"count":2,"href":"https:\/\/radiokissnoticias.com.ar\/web\/wp-json\/wp\/v2\/posts\/10445\/revisions"}],"predecessor-version":[{"id":10448,"href":"https:\/\/radiokissnoticias.com.ar\/web\/wp-json\/wp\/v2\/posts\/10445\/revisions\/10448"}],"wp:featuredmedia":[{"embeddable":true,"href":"https:\/\/radiokissnoticias.com.ar\/web\/wp-json\/wp\/v2\/media\/10446"}],"wp:attachment":[{"href":"https:\/\/radiokissnoticias.com.ar\/web\/wp-json\/wp\/v2\/media?parent=10445"}],"wp:term":[{"taxonomy":"category","embeddable":true,"href":"https:\/\/radiokissnoticias.com.ar\/web\/wp-json\/wp\/v2\/categories?post=10445"},{"taxonomy":"post_tag","embeddable":true,"href":"https:\/\/radiokissnoticias.com.ar\/web\/wp-json\/wp\/v2\/tags?post=10445"}],"curies":[{"name":"wp","href":"https:\/\/api.w.org\/{rel}","templated":true}]}}