{"id":10442,"date":"2026-07-24T20:46:08","date_gmt":"2026-07-24T23:46:08","guid":{"rendered":"https:\/\/radiokissnoticias.com.ar\/web\/?p=10442"},"modified":"2026-07-24T20:46:08","modified_gmt":"2026-07-24T23:46:08","slug":"convocatoria-a-barras-pesqueras-goya-prepara-la-edicion-de-oro-de-la-fiesta-nacional-del-surubi","status":"publish","type":"post","link":"https:\/\/radiokissnoticias.com.ar\/web\/2026\/07\/24\/convocatoria-a-barras-pesqueras-goya-prepara-la-edicion-de-oro-de-la-fiesta-nacional-del-surubi\/","title":{"rendered":"Convocatoria a barras pesqueras: Goya prepara la &#8220;edici\u00f3n de oro&#8221; de la Fiesta Nacional del Surub\u00ed"},"content":{"rendered":"<p>La Fiesta Nacional del Surub\u00ed, uno de los espect\u00e1culos m\u00e1s destacados del calendario tur\u00edstico del pa\u00eds se prepara para su 50\u00b0 Aniversario y lo hace a trav\u00e9s de una convocatoria a los pescadores.<\/p>\n<p><img loading=\"lazy\" decoding=\"async\" class=\"\" src=\"https:\/\/www.powernoticias.com\/images\/202607242233093503\" width=\"371\" height=\"659\" \/><\/p>\n<p><img loading=\"lazy\" decoding=\"async\" class=\"\" src=\"https:\/\/www.powernoticias.com\/images\/202607242232466170\" width=\"389\" height=\"259\" \/><\/p>\n<p>Se empieza a sentir la Fiesta Nacional del Surub\u00ed. El Paran\u00e1 se prepara, la emoci\u00f3n crece y todo se pone en marcha. Este evento, que es considerado la mayor fiesta n\u00e1utica y de pesca del mundo, atrae la atenci\u00f3n de miles de visitantes cada a\u00f1o. El escenario principal, el Predio Costa surub\u00ed, se convierte en el epicentro de la celebraci\u00f3n.<\/p>\n<p>Este a\u00f1o, la expectativa es a\u00fan mayor debido a la conmemoraci\u00f3n de los 50 a\u00f1os desde la primera edici\u00f3n que se realiz\u00f3 en 1969. El evento naci\u00f3 por una iniciativa conjunta de la Municipalidad de Goya y el Club de Caza y Pesca &#8220;Do\u00f1a Goya&#8221;.<\/p>\n<p>En contacto con Radio Ciudad, &#8220;Bucky&#8221; Gonz\u00e1lez Vilas, invit\u00f3 a &#8220;sumarse a nuestra fiesta, la gran puerta de ingreso a la ciudad, el orgullo de todos los goyanos.&#8221;<br \/>\n<b><br \/>\nPRESIDENTE DE COMUPE<\/b><\/p>\n<p>El presidente de COMUPE Ra\u00fal &#8220;Bucky&#8221; Gonz\u00e1lez Vilas explic\u00f3 que, desde la organizaci\u00f3n se convoc\u00f3 a las barras pesqueras de la localidad a cerrar filas este lunes 27 de julio a las 20:30 horas con la primera reuni\u00f3n, para empezar a desandar el camino de la &#8220;Edici\u00f3n de Oro&#8221; de la FNS.<\/p>\n<p>La Comisi\u00f3n Municipal de Pesca COMUPE invit\u00f3 a todas las barras a participar de una reuni\u00f3n informativa para bosquejar los primeros lineamientos de la 50\u00aa Fiesta Nacional del Surub\u00ed e intercambiar ideas de cara a una nueva edici\u00f3n.<\/p>\n<p>La reuni\u00f3n se concretar\u00e1 en el Sal\u00f3n de Usos M\u00faltiples &#8220;Coqui Correa&#8221; del Predio Costa Surub\u00ed.<\/p>\n<p>Con la premisa de priorizar al pescador es que se convoc\u00f3 a esta reuni\u00f3n para que est\u00e9n presentes las barras pesqueras, pe\u00f1as, clubes y barras de amigos &#8220;porque ellos son los grandes protagonistas de esta fiesta, para que sepan la marcha de la organizaci\u00f3n y el destino de los recursos para organizar el evento&#8221; indic\u00f3 el presidente de COMUPE.<\/p>\n<p>&#8220;Sin los pescadores esta fiesta no alcanzar\u00eda el \u00e9xito que tiene este evento. Ellos son la materia prima que genera toda esta industria sin humo que es el turismo, le realza, le da brillo, as\u00ed que hemos invitado a las barras pesqueras para consensuar los detalles para, a partir del mes que viene, iniciar con la inscripci\u00f3n para el nuevo concurso, intercambiar opiniones y requerimientos que puedan ser \u00fatiles&#8221; indic\u00f3 Gonz\u00e1lez Vilas.<br \/>\n<b><br \/>\nRECONOCIMIENTO A ESCUELAS MUNICIPALES, INSTITUCIONES Y PERSONAS POR SU APORTE<\/b><\/p>\n<p>El titular de la Comisi\u00f3n de Pesca, destac\u00f3 la importancia del trabajo conjunto y el compromiso de cada uno de los sectores involucrados, como escuelas municipales, asociaciones, academias de danzas, personal de limpieza del predio y personas an\u00f3nimas que cumplen funciones con el objetivo de continuar fortaleciendo esta celebraci\u00f3n que convoca a miles de visitantes cada a\u00f1o.<\/p>\n<p>Finalmente, Ra\u00fal &#8220;Bucky&#8221; Gonz\u00e1lez Vilas, adelant\u00f3: &#8220;Las Escuelas municipales est\u00e1n abocadas a la confecci\u00f3n de la Capa Dorada para nuestra soberana, sumando el aporte para que la Fiesta nos incluya a todos, somos capital de la amistad, nuestra fiesta es la puerta de ingreso para muchas actividades&#8221;.<\/p>\n<p>&#8220;Estamos en marcha para trabajar en la organizaci\u00f3n de esta especial edici\u00f3n, con el impulso de cada goyano, con su pasi\u00f3n, con el orgullo y el coraz\u00f3n latiendo fuertemente para vivir la nueva edici\u00f3n de la Fiesta Nacional del Surub\u00ed.&#8221; Concluy\u00f3<\/p>\n<p>Direcci\u00f3n de Prensa-Municipalidad de Goya<\/p>\n","protected":false},"excerpt":{"rendered":"<p>La Fiesta Nacional del Surub\u00ed, uno de los espect\u00e1culos m\u00e1s destacados del calendario tur\u00edstico del pa\u00eds se prepara para su 50\u00b0 Aniversario y lo hace a trav\u00e9s de una convocatoria a los pescadores. Se empieza a sentir la Fiesta Nacional del Surub\u00ed. El Paran\u00e1 se prepara, la emoci\u00f3n crece y todo se pone en marcha. [&hellip;]<\/p>\n","protected":false},"author":2,"featured_media":10443,"comment_status":"open","ping_status":"open","sticky":false,"template":"","format":"standard","meta":{"footnotes":""},"categories":[77],"tags":[],"class_list":["post-10442","post","type-post","status-publish","format-standard","has-post-thumbnail","category-local"],"_links":{"self":[{"href":"https:\/\/radiokissnoticias.com.ar\/web\/wp-json\/wp\/v2\/posts\/10442","targetHints":{"allow":["GET"]}}],"collection":[{"href":"https:\/\/radiokissnoticias.com.ar\/web\/wp-json\/wp\/v2\/posts"}],"about":[{"href":"https:\/\/radiokissnoticias.com.ar\/web\/wp-json\/wp\/v2\/types\/post"}],"author":[{"embeddable":true,"href":"https:\/\/radiokissnoticias.com.ar\/web\/wp-json\/wp\/v2\/users\/2"}],"replies":[{"embeddable":true,"href":"https:\/\/radiokissnoticias.com.ar\/web\/wp-json\/wp\/v2\/comments?post=10442"}],"version-history":[{"count":1,"href":"https:\/\/radiokissnoticias.com.ar\/web\/wp-json\/wp\/v2\/posts\/10442\/revisions"}],"predecessor-version":[{"id":10444,"href":"https:\/\/radiokissnoticias.com.ar\/web\/wp-json\/wp\/v2\/posts\/10442\/revisions\/10444"}],"wp:featuredmedia":[{"embeddable":true,"href":"https:\/\/radiokissnoticias.com.ar\/web\/wp-json\/wp\/v2\/media\/10443"}],"wp:attachment":[{"href":"https:\/\/radiokissnoticias.com.ar\/web\/wp-json\/wp\/v2\/media?parent=10442"}],"wp:term":[{"taxonomy":"category","embeddable":true,"href":"https:\/\/radiokissnoticias.com.ar\/web\/wp-json\/wp\/v2\/categories?post=10442"},{"taxonomy":"post_tag","embeddable":true,"href":"https:\/\/radiokissnoticias.com.ar\/web\/wp-json\/wp\/v2\/tags?post=10442"}],"curies":[{"name":"wp","href":"https:\/\/api.w.org\/{rel}","templated":true}]}}