{"id":10437,"date":"2026-07-24T20:41:36","date_gmt":"2026-07-24T23:41:36","guid":{"rendered":"https:\/\/radiokissnoticias.com.ar\/web\/?p=10437"},"modified":"2026-07-24T20:43:20","modified_gmt":"2026-07-24T23:43:20","slug":"paso-de-los-libres-se-prepara-para-la-28a-edicion-del-festival-internacional-del-guiso-conoce-todos-los-detalles","status":"publish","type":"post","link":"https:\/\/radiokissnoticias.com.ar\/web\/2026\/07\/24\/paso-de-los-libres-se-prepara-para-la-28a-edicion-del-festival-internacional-del-guiso-conoce-todos-los-detalles\/","title":{"rendered":"Paso de los Libres se prepara para la 28\u00aa edici\u00f3n del Festival Internacional del Guiso: conoc\u00e9 todos los detalles"},"content":{"rendered":"<p>Desde la comuna informaron que a partir del lunes 27 de julio quedar\u00e1 habilitado el per\u00edodo de inscripci\u00f3n para los equipos e instituciones que deseen participar del concurso en las distintas categor\u00edas.<\/p>\n<p>La Municipalidad de Paso de los Libres confirm\u00f3 la realizaci\u00f3n de la 28.\u00aa edici\u00f3n del Festival Internacional del Guiso , que se llevar\u00e1 a cabo entre el viernes 14 y el domingo 16 de agosto en el predio del Parque de Turismo &#8220;Juan Domingo Per\u00f3n&#8221;, escenario tradicional de esta celebraci\u00f3n que cada a\u00f1o re\u00fane a cocineros, turistas y amantes de la gastronom\u00eda regional.<\/p>\n<p>El evento tendr\u00e1 como principal atractivo el tradicional concurso de elaboraci\u00f3n de guisos , una competencia que convoca a decenas de equipos gastron\u00f3micos, instituciones y aficionados a la cocina de campo provenientes de distintos puntos del pa\u00eds y del sur de Brasil.<\/p>\n<p>Adem\u00e1s del certamen culinario, el festival ofrecer\u00e1 durante las tres jornadas una variada programaci\u00f3n con espect\u00e1culos musicales en vivo, ferias de artesanos locales y espacios de degustaci\u00f3n destinados a promover la identidad gastron\u00f3mica y cultural de la regi\u00f3n.<\/p>\n<p><b>Inscripciones desde el 27 de julio<\/b><\/p>\n<div>La organizaci\u00f3n del festival est\u00e1 a cargo de las Direcciones de Cultura y Turismo del municipio, cuyos equipos trabajan en el acondicionamiento de la infraestructura del predio para recibir a los participantes y visitantes.Desde la comuna informaron que a partir del lunes 27 de julio quedar\u00e1 habilitado el per\u00edodo de inscripci\u00f3n para los equipos e instituciones que deseen participar del concurso en las distintas categor\u00edas.<\/p>\n<p>Los interesados deber\u00e1n acercarse a la Oficina de Cultura y Turismo , ubicada en la intersecci\u00f3n de las calles Col\u00f3n y Uruguay , donde podr\u00e1n retirar la cartilla informativa, el reglamento t\u00e9cnico para la manipulaci\u00f3n de alimentos y las especificaciones sobre los insumos permitidos para la competencia.<\/p>\n<p>Asimismo, el municipio habilit\u00f3 las l\u00edneas telef\u00f3nicas 37772-641036 y 37772-641032 para brindar informaci\u00f3n y responder consultas de las delegaciones provenientes de otras localidades.<\/p>\n<\/div>\n","protected":false},"excerpt":{"rendered":"<p>Desde la comuna informaron que a partir del lunes 27 de julio quedar\u00e1 habilitado el per\u00edodo de inscripci\u00f3n para los equipos e instituciones que deseen participar del concurso en las distintas categor\u00edas. La Municipalidad de Paso de los Libres confirm\u00f3 la realizaci\u00f3n de la 28.\u00aa edici\u00f3n del Festival Internacional del Guiso , que se llevar\u00e1 [&hellip;]<\/p>\n","protected":false},"author":2,"featured_media":10440,"comment_status":"open","ping_status":"open","sticky":false,"template":"","format":"standard","meta":{"footnotes":""},"categories":[79],"tags":[],"class_list":["post-10437","post","type-post","status-publish","format-standard","has-post-thumbnail","category-provincia"],"_links":{"self":[{"href":"https:\/\/radiokissnoticias.com.ar\/web\/wp-json\/wp\/v2\/posts\/10437","targetHints":{"allow":["GET"]}}],"collection":[{"href":"https:\/\/radiokissnoticias.com.ar\/web\/wp-json\/wp\/v2\/posts"}],"about":[{"href":"https:\/\/radiokissnoticias.com.ar\/web\/wp-json\/wp\/v2\/types\/post"}],"author":[{"embeddable":true,"href":"https:\/\/radiokissnoticias.com.ar\/web\/wp-json\/wp\/v2\/users\/2"}],"replies":[{"embeddable":true,"href":"https:\/\/radiokissnoticias.com.ar\/web\/wp-json\/wp\/v2\/comments?post=10437"}],"version-history":[{"count":2,"href":"https:\/\/radiokissnoticias.com.ar\/web\/wp-json\/wp\/v2\/posts\/10437\/revisions"}],"predecessor-version":[{"id":10441,"href":"https:\/\/radiokissnoticias.com.ar\/web\/wp-json\/wp\/v2\/posts\/10437\/revisions\/10441"}],"wp:featuredmedia":[{"embeddable":true,"href":"https:\/\/radiokissnoticias.com.ar\/web\/wp-json\/wp\/v2\/media\/10440"}],"wp:attachment":[{"href":"https:\/\/radiokissnoticias.com.ar\/web\/wp-json\/wp\/v2\/media?parent=10437"}],"wp:term":[{"taxonomy":"category","embeddable":true,"href":"https:\/\/radiokissnoticias.com.ar\/web\/wp-json\/wp\/v2\/categories?post=10437"},{"taxonomy":"post_tag","embeddable":true,"href":"https:\/\/radiokissnoticias.com.ar\/web\/wp-json\/wp\/v2\/tags?post=10437"}],"curies":[{"name":"wp","href":"https:\/\/api.w.org\/{rel}","templated":true}]}}