{"id":10431,"date":"2026-07-24T20:37:59","date_gmt":"2026-07-24T23:37:59","guid":{"rendered":"https:\/\/radiokissnoticias.com.ar\/web\/?p=10431"},"modified":"2026-07-24T20:37:59","modified_gmt":"2026-07-24T23:37:59","slug":"crece-el-malestar-en-el-gobierno-por-los-traspies-de-ravier-como-vocero-pero-milei-no-le-pedira-la-renuncia","status":"publish","type":"post","link":"https:\/\/radiokissnoticias.com.ar\/web\/2026\/07\/24\/crece-el-malestar-en-el-gobierno-por-los-traspies-de-ravier-como-vocero-pero-milei-no-le-pedira-la-renuncia\/","title":{"rendered":"Crece el malestar en el Gobierno por los traspi\u00e9s de Ravier como vocero, pero Milei no le pedir\u00e1 la renuncia"},"content":{"rendered":"<p>Lleg\u00f3 en medio del caos comunicacional generado por la situaci\u00f3n de Adorni, pero sum\u00f3 varios episodios desafortunados; su frase sobre que el d\u00f3lar podr\u00eda escalar hasta $1800 agrav\u00f3 las cr\u00edticas<\/p>\n<p>Exactamente hace un mes, Adri\u00e1n Ravier se convirti\u00f3 en el segundo vocero de la administraci\u00f3n mile\u00edsta. Su llegada fue en medio del caos comunicacional que abri\u00f3 el esc\u00e1ndalo de su antecesor en el cargo, Manuel Adorni, quien qued\u00f3 envuelto en una investigaci\u00f3n judicial por presunto enriquecimiento il\u00edcito, por la que termin\u00f3 renunciando tambi\u00e9n a la jefatura de Gabinete.<\/p>\n<p>Su arribo fue le\u00eddo internamente como una bocanada de aire fresco despu\u00e9s de meses dif\u00edciles, pero r\u00e1pidamente empezaron a haber dudas sobre su performance, que en las \u00faltimas horas trocaron en un fuerte malestar en la propia Casa Rosada, donde todo el equipo del gabinete admite que sus errores complican mucho la gesti\u00f3n, aunque reconocen que Javier Milei no lo va a echar ahora.<\/p>\n<p>La situaci\u00f3n se agrav\u00f3 cuando anoche, en el streaming ultra oficialista Carajo, dijo que \u201ces una posibilidad\u201d que el d\u00f3lar llegue a $1700 o $1800 dentro de unos meses.<\/p>\n<p>Los adjetivos que le atribu\u00edan este viernes los funcionarios a Ravier no eran los m\u00e1s elogiosos. El malestar era amplio en Balcarce 50, en donde incluso se dedicaron a monitorear si hab\u00eda alguna resonancia en la cotizaci\u00f3n del d\u00f3lar.<\/p>\n<p>En tanto, seg\u00fan se pudo reconstruir, en el entorno del vocero negaron que hubiera malestar y apuntaban a dejar atr\u00e1s el tema. \u201cHan sacado de contexto lo que \u00e9l dijo. \u00c9l se refiri\u00f3 a que no hab\u00eda posibilidad de ning\u00fan escenario disruptivo\u201d, mencionaban en referencia al valor del d\u00f3lar.<\/p>\n<p>\u201cNo hay nada para estar enojado con \u00e9l\u201d, era otra de las frases que dejaban trascender en medio de este viernes.<\/p>\n<p>Economista y amigo personal de Milei, Ravier fue presentado cuatro semanas atr\u00e1s como vocero econ\u00f3mico de la gesti\u00f3n y desde entonces retom\u00f3 las conferencias de prensa, que hab\u00edan quedado desactivadas en el \u00faltimo tramo de Manuel Adorni.<\/p>\n<p>De entrada, se mostr\u00f3 con un estilo completamente diferente al de su antecesor, que estaba marcado por la soberbia y chicanas al periodismo. Ravier se mostr\u00f3 sobrio y de buenas formas. Incluso asumi\u00f3 con elogios al periodismo profesional.<\/p>\n<p>Ese cambio de nombre y estilo fue celebrado internamente, pero r\u00e1pidamente surgieron las primeras luces de alerta internas: errores en las conferencias y falta de respuestas fueron algunas de las se\u00f1ales que extendieron la incomodidad.<\/p>\n<p>Por ejemplo, este martes, ley\u00f3 respuestas a las preguntas de los periodistas, e incluso se equivoc\u00f3 de contestaci\u00f3n en un caso. Adem\u00e1s, varias veces dijo no tener la informaci\u00f3n correspondiente. Pero sus dichos en las \u00faltimas horas en la se\u00f1al Carajo sobre la cotizaci\u00f3n del d\u00f3lar ya fueron de otro tenor.<\/p>\n<p>\u201cNo parece terminar de entender que es el vocero del Gobierno, del Presidente, y que lo que dice no es su palabra como economista, es la palabra del Gobierno\u201d, consider\u00f3 una importante voz del oficialismo.<\/p>\n<p>\u201cUna cosa es ser analista y otra es ser vocero\u201d, distingu\u00edan este viernes en el oficialismo en medio del &#8220;profundo malestar&#8221; que admit\u00edan luego del episodio en Carajo.<\/p>\n<p>\u201cSi hablando en territorio \u2018amigo\u2019, como es con los chicos de Carajo, la pifia, \u00bfqu\u00e9 queda para una conferencia o en otro medio?\u201d, se preguntaban.<\/p>\n<p>M\u00e1s a\u00fan, en la Casa Rosada alertaban sobre el impacto del error en un tema como el d\u00f3lar, con la sensibilidad que implica en la econom\u00eda argentina.<\/p>\n<p>Ravier ven\u00eda esta semana, en su conferencia de los martes, de aclarar un tuit suyo en el que habl\u00f3 de \u201cpa\u00eds bananero\u201d. \u201cEs ins\u00f3lito un vocero que tiene que salir a aclarar lo que dijo; o que dice que no dice lo que dijo\u201d, era otro de los puntos que se mencionaban.<\/p>\n<p>Pese a ese malestar y la suma de desatinos, nadie imagina que deje de salir en los medios o de dar conferencias de prensa. \u201c\u00bfQu\u00e9 hace si no habla en medios? Su trabajo es hablar en medio. Lo \u00fanico que tiene que hacer es hablar en p\u00fablico\u201d, mascullaban en el coraz\u00f3n del oficialismo.<\/p>\n<p>La misma ecuaci\u00f3n aplicaba a las conferencias de prensa. \u201cSer\u00eda peor si las interrumpe\u201d, consideraron.<\/p>\n<p>Solo en la \u00faltima, el pasado martes, Ravier sum\u00f3 entredichos con periodistas acreditados, se confundi\u00f3 de respuesta y prometi\u00f3 averiguarlo para m\u00e1s adelante.<\/p>\n<p>Frente a una consulta sobre la exploraci\u00f3n extranjera en Malvinas, comenz\u00f3 a leer una respuesta que hac\u00eda referencia a la presentaci\u00f3n de una nota de protesta a la embajada del Reino Unido, y recul\u00f3: \u201cPerd\u00f3n, est\u00e1 mal la respuesta. Era una respuesta a otra pregunta. Un segundo, que chequeo esto. Esta es\u201d, lament\u00f3. Y ley\u00f3 los nuevos papeles, en los que expres\u00f3 su rechazo a la decisi\u00f3n de inversi\u00f3n de las \u201cileg\u00edtimas\u201d licenciatarias brit\u00e1nica e israel\u00ed para el desarrollo de yacimientos en Malvinas sin contar con los permisos de la Argentina.<\/p>\n<p>Ante una repregunta, respondi\u00f3: \u201cEsto es lo que s\u00e9 en este momento sobre este tema, tendr\u00edamos que profundizar con Canciller\u00eda. En este momento no tengo m\u00e1s informaci\u00f3n. Es un tema muy espec\u00edfico que en este momento no puedo responder\u201d. Y as\u00ed finaliz\u00f3 la conferencia.<\/p>\n<p>Previo a eso, tambi\u00e9n debi\u00f3 aclarar sus dichos sobre la bandera que mostraron los jugadores de la selecci\u00f3n argentina en apoyo al reclamo por las Malvinas despu\u00e9s del triunfo sobre Inglaterra en el Mundial.<\/p>\n<p>\u201cEn relaci\u00f3n con mis afirmaciones, niego contundentemente haber dicho alguna vez que la Argentina era un pa\u00eds bananero. Yo nunca dije eso. Es una interpretaci\u00f3n de muy mala fe de algunos periodistas y algunos titulares en algunos diarios que incluso me ponen entre comillas una frase que yo nunca dije\u201d, puntualiz\u00f3. El tuit al que hac\u00eda referencia empezaba hablando de \u201cpa\u00eds bananero\u201d.<\/p>\n<p>Ravier tambi\u00e9n sum\u00f3 errores este jueves cuando, al pasar por otro streaming, en El Cronista, habl\u00f3 de la situaci\u00f3n de los acreditados en la Sala de Prensa de Casa Rosada, que atraviesan desde mayo pasado restricciones que no registran antecedentes desde 1942.<\/p>\n<p>\u201cAl pedo explayarse. Le preguntaron por la libertad de expresi\u00f3n en el pa\u00eds y en lugar de ejemplificar con, por ejemplo, que \u00e9l mismo estaba ah\u00ed hablando y contestando, se meti\u00f3 en eso. \u00bfPara qu\u00e9?\u201d, se lamentaron sobre otro de los episodios.<\/p>\n<p>Pese a las molestias, nadie planteaba en estas horas la posibilidad de que Ravier sea corrido del cargo. \u201cEn primer lugar, Javier (por Milei) no es de hacer esas cosas\u201d, sostuvieron. Adem\u00e1s, apuntaron que \u201cno ser\u00eda el momento\u201d para hacerlo.<\/p>\n<p>\u201cCambiarlo, no, porque lo eligi\u00f3 el presidente. Adem\u00e1s, es alguien querido y de la causa. Es valioso\u201d, dijeron.<\/p>\n<p>Completaron tambi\u00e9n que, pese al malestar que viene generando con sus distintos desatinos, \u201cAdri\u00e1n es un tipo inteligente y preparado\u201d, y que \u201cviene reuni\u00e9ndose con los ministros para interiorizarse de las actividades\u201d.<\/p>\n<p>Lo que s\u00ed resaltaban casi como una necesidad imperiosa era que tiene que seguir con el coaching que lleva adelante desde que empez\u00f3 en el cargo. Y que, seg\u00fan explicaban en Gobierno, est\u00e1 en manos del equipo del asesor, Santiago Caputo. Cerca de los celestiales confirmaban que \u201cest\u00e1n colaborando con Ravier\u201d. Eran m\u00e1s piadosos y aseguraban que \u201cno cometi\u00f3 ning\u00fan error grav\u00edsimo\u201d.<\/p>\n<p>\u201cHay que trabajar m\u00e1s en la preparaci\u00f3n\u201d, se resign\u00f3 uno de los consultados. \u201cSe va a tener que hacer cargo de que no puede fallar m\u00e1s\u201d, agregaron.<\/p>\n","protected":false},"excerpt":{"rendered":"<p>Lleg\u00f3 en medio del caos comunicacional generado por la situaci\u00f3n de Adorni, pero sum\u00f3 varios episodios desafortunados; su frase sobre que el d\u00f3lar podr\u00eda escalar hasta $1800 agrav\u00f3 las cr\u00edticas Exactamente hace un mes, Adri\u00e1n Ravier se convirti\u00f3 en el segundo vocero de la administraci\u00f3n mile\u00edsta. Su llegada fue en medio del caos comunicacional que [&hellip;]<\/p>\n","protected":false},"author":2,"featured_media":10432,"comment_status":"open","ping_status":"open","sticky":false,"template":"","format":"standard","meta":{"footnotes":""},"categories":[81],"tags":[],"class_list":["post-10431","post","type-post","status-publish","format-standard","has-post-thumbnail","category-politica"],"_links":{"self":[{"href":"https:\/\/radiokissnoticias.com.ar\/web\/wp-json\/wp\/v2\/posts\/10431","targetHints":{"allow":["GET"]}}],"collection":[{"href":"https:\/\/radiokissnoticias.com.ar\/web\/wp-json\/wp\/v2\/posts"}],"about":[{"href":"https:\/\/radiokissnoticias.com.ar\/web\/wp-json\/wp\/v2\/types\/post"}],"author":[{"embeddable":true,"href":"https:\/\/radiokissnoticias.com.ar\/web\/wp-json\/wp\/v2\/users\/2"}],"replies":[{"embeddable":true,"href":"https:\/\/radiokissnoticias.com.ar\/web\/wp-json\/wp\/v2\/comments?post=10431"}],"version-history":[{"count":1,"href":"https:\/\/radiokissnoticias.com.ar\/web\/wp-json\/wp\/v2\/posts\/10431\/revisions"}],"predecessor-version":[{"id":10433,"href":"https:\/\/radiokissnoticias.com.ar\/web\/wp-json\/wp\/v2\/posts\/10431\/revisions\/10433"}],"wp:featuredmedia":[{"embeddable":true,"href":"https:\/\/radiokissnoticias.com.ar\/web\/wp-json\/wp\/v2\/media\/10432"}],"wp:attachment":[{"href":"https:\/\/radiokissnoticias.com.ar\/web\/wp-json\/wp\/v2\/media?parent=10431"}],"wp:term":[{"taxonomy":"category","embeddable":true,"href":"https:\/\/radiokissnoticias.com.ar\/web\/wp-json\/wp\/v2\/categories?post=10431"},{"taxonomy":"post_tag","embeddable":true,"href":"https:\/\/radiokissnoticias.com.ar\/web\/wp-json\/wp\/v2\/tags?post=10431"}],"curies":[{"name":"wp","href":"https:\/\/api.w.org\/{rel}","templated":true}]}}