{"id":10417,"date":"2026-07-24T20:22:47","date_gmt":"2026-07-24T23:22:47","guid":{"rendered":"https:\/\/radiokissnoticias.com.ar\/web\/?p=10417"},"modified":"2026-07-24T20:22:47","modified_gmt":"2026-07-24T23:22:47","slug":"la-catedral-del-basquetbol-escenario-de-la-liga-federal-formativa-sabado-y-domingo","status":"publish","type":"post","link":"https:\/\/radiokissnoticias.com.ar\/web\/2026\/07\/24\/la-catedral-del-basquetbol-escenario-de-la-liga-federal-formativa-sabado-y-domingo\/","title":{"rendered":"La Catedral del Basquetbol escenario de la liga federal formativa, s\u00e1bado y domingo"},"content":{"rendered":"<p>Este s\u00e1bado 25 y Domingo 26 de Julio, las Cadetes de UNI\u00d3N recibir\u00e1n la visita de los clubes REGATAS (Resistencia), AMBALAB (Las Bre\u00f1as) y ARASAR\u00cd (Puerto Esperanza) por la segunda fase de la Liga Federal Formativa Femenina.<\/p>\n<p><img loading=\"lazy\" decoding=\"async\" class=\"\" src=\"https:\/\/www.powernoticias.com\/images\/202607242003181977\" width=\"369\" height=\"522\" \/> <img loading=\"lazy\" decoding=\"async\" class=\"\" src=\"https:\/\/www.powernoticias.com\/images\/202607242002507449\" width=\"369\" height=\"521\" \/><\/p>\n<p>Este cuadrangular otorgar\u00e1 dos plazas directas a la Fase Interconferencias del Federal, mientras que los dos restantes deber\u00e1n jugar la Tercera Fase de la Regi\u00f3n NEA.<\/p>\n<p>El presidente del Club Uni\u00f3n Sebasti\u00e1n Arriola en contacto con Radio Ciudad, detalla las caracter\u00edsticas de los juegos programados en el estadio conocido como &#8220;La Catedral del Basquetbol&#8221;, indicando que la entidad del barrio progreso vibrar\u00e1 con el b\u00e1squetbol femenino en las categor\u00edas formativas.<\/p>\n<p>En el di\u00e1logo radial el m\u00e1ximo dirigente unionista destaca la convocatoria de jugadoras de su club junto a chicas de Juventud Unidad para conformar la selecci\u00f3n correntina en la categor\u00eda U 11 que disputar\u00e1n la instancia final del argentino en la capital correntina<\/p>\n<p>UN FIN DE SEMANA A PURO B\u00c1SQUET<\/p>\n<p>El presidente de Uni\u00f3n, sostuvo: &#8220;Este fin de semana estaremos disputando los juegos de la segunda fase del Federal en la Categor\u00eda Cadetes, sumando la Liga Pr\u00f3ximo con la participaci\u00f3n de AMAD, de all\u00ed que tendremos b\u00e1squet femenino desde el viernes al domingo en nuestro club.&#8221;<\/p>\n<p>S\u00c1BADO Y DOMINGO CUADRANGULAR DE LA SEGUNDA FASE DEL FEDERAL<\/p>\n<p>&#8220;El cuadrangular de nuestro club se program\u00f3 desde el s\u00e1bado 25 a las 17 horas \u2013indico- Club Regatas Resistencia vs AMBALAB de Las Bre\u00f1as, cerrando la doble jornada Uni\u00f3n vs Arasari (Uni\u00f3n de Puerto Esperanza-Misiones) desde las 19 horas. &#8221;<\/p>\n<p>&#8220;El torneo prosigue con los juegos diagramados el domingo 26, desde las 10 horas jugar\u00e1n Regatas (Resistencia) vs Arasari de Puerto Esperanza y al mediod\u00eda alrededor de las 12 horas Uni\u00f3n vs AMBALAB de Las Bre\u00f1as; -explic\u00f3- cerrando la fase el domingo desde las 18 horas AMBALAB de Las Bre\u00f1as vs Arasari de Puerto Esperanza y el partido final el que sostendr\u00e1n Uni\u00f3n vs Regatas de Resistencia.<\/p>\n<p>Consultado sobre el precio de la entrada se\u00f1al\u00f3: &#8220;El valor de la entrada se estableci\u00f3 en 4 mil Pesos de forma anticipada, y 5 Mil Pesos en puerta, en boleter\u00eda, por cada jornada de juego.&#8221;<\/p>\n<p>El dirigente de Uni\u00f3n, reitero: &#8220;Invitamos a la ciudadan\u00eda a acompa\u00f1ar tendremos un fin de semana a puro b\u00e1squetbol, necesitamos ese apoyo a las formativas de los clubes goyanos, en este caso el nuestro y AMAD.&#8221;<\/p>\n<p>EXPECTATIVA POR AVANZAR DE FASE<\/p>\n<p>&#8220;Este es el segundo cuadrangular que disputaremos de local, gracias a los logros obtenidos, -detall\u00f3 el directivo de Uni\u00f3n- si clasificamos dentro de los dos primero pasamos a la fase Interconferencias con la regi\u00f3n centro, con equipos de Santa Fe y C\u00f3rdoba, la otra alternativa de no llegar a esa clasificaci\u00f3n corresponder\u00e1 buscar el pase desde la regi\u00f3n NEA.&#8221;<\/p>\n<p>APORTES DE LA MUNICIPALIDAD Y EMPRESAS LOCALES<\/p>\n<p>El presidente del club del barrio Progreso, reconoci\u00f3: &#8220;Es un esfuerzo por parte de los dirigentes de los clubes, de las comisiones de padres, por la proyecci\u00f3n que buscamos de nuestros equipos, traspasando los l\u00edmites de la provincia, nos genera coordinaci\u00f3n en el trabajo, gesti\u00f3n deportiva, destacando el trabajo en el caso de Uni\u00f3n Mar\u00eda Laura Bernardi, en AMAD, \u00c1ngeles Silva, sumando muchas veces el aporte, acompa\u00f1amiento de la Municipalidad y de los comercios y empresas de la ciudad.&#8221;<\/p>\n<p>Para mencionar las exigencias en estos torneos federales: &#8220;En esta instancia es obligaci\u00f3n de los clubes locales el pago de aranceles de \u00e1rbitros, mesa t\u00e9cnica, la atenci\u00f3n a las delegaciones, sumado la transmisi\u00f3n por medio de la aplicaci\u00f3n del streaming, de all\u00ed nuestra invitaci\u00f3n para acompa\u00f1ar estas jornadas de basquetbol formativas.&#8221;<\/p>\n<p>JUGADORAS GOYANAS EN LA SELECCI\u00d3N CORRENTINA<\/p>\n<p>Finalmente Sebasti\u00e1n Arriola, preguntado sobre la convocatoria de jugadoras de su club (junto a Juventud Unida) para integrar el equipo de la Federaci\u00f3n Correntina, afirm\u00f3: &#8220;Estamos contentos que podamos aportar a la selecci\u00f3n correntina a nuestras jugadoras, Martina Ferragut e Isabella Buffa, destacando el trabajo de Jos\u00e9 Francisco, que incluso posibilita que Martina (Ferragut) con 11 a\u00f1os este disputando el juego con Uni\u00f3n en la Categor\u00eda U13; realmente estamos contentos y agradecidos por estas oportunidades, sin dejar de mencionar la presencia de Melisa y Zoe Lezcano de Juventud Unida, son chicas del mini b\u00e1squet; que disputar\u00e1n el final four de federaciones entre Corrientes, FEBAMBA (Buenos Aires); C\u00f3rdoba y Santa Fe.&#8221;<\/p>\n<p>Direcci\u00f3n de Prensa-Municipalidad de Goya<\/p>\n","protected":false},"excerpt":{"rendered":"<p>Este s\u00e1bado 25 y Domingo 26 de Julio, las Cadetes de UNI\u00d3N recibir\u00e1n la visita de los clubes REGATAS (Resistencia), AMBALAB (Las Bre\u00f1as) y ARASAR\u00cd (Puerto Esperanza) por la segunda fase de la Liga Federal Formativa Femenina. Este cuadrangular otorgar\u00e1 dos plazas directas a la Fase Interconferencias del Federal, mientras que los dos restantes deber\u00e1n [&hellip;]<\/p>\n","protected":false},"author":2,"featured_media":10418,"comment_status":"open","ping_status":"open","sticky":false,"template":"","format":"standard","meta":{"footnotes":""},"categories":[83],"tags":[],"class_list":["post-10417","post","type-post","status-publish","format-standard","has-post-thumbnail","category-deporte"],"_links":{"self":[{"href":"https:\/\/radiokissnoticias.com.ar\/web\/wp-json\/wp\/v2\/posts\/10417","targetHints":{"allow":["GET"]}}],"collection":[{"href":"https:\/\/radiokissnoticias.com.ar\/web\/wp-json\/wp\/v2\/posts"}],"about":[{"href":"https:\/\/radiokissnoticias.com.ar\/web\/wp-json\/wp\/v2\/types\/post"}],"author":[{"embeddable":true,"href":"https:\/\/radiokissnoticias.com.ar\/web\/wp-json\/wp\/v2\/users\/2"}],"replies":[{"embeddable":true,"href":"https:\/\/radiokissnoticias.com.ar\/web\/wp-json\/wp\/v2\/comments?post=10417"}],"version-history":[{"count":2,"href":"https:\/\/radiokissnoticias.com.ar\/web\/wp-json\/wp\/v2\/posts\/10417\/revisions"}],"predecessor-version":[{"id":10420,"href":"https:\/\/radiokissnoticias.com.ar\/web\/wp-json\/wp\/v2\/posts\/10417\/revisions\/10420"}],"wp:featuredmedia":[{"embeddable":true,"href":"https:\/\/radiokissnoticias.com.ar\/web\/wp-json\/wp\/v2\/media\/10418"}],"wp:attachment":[{"href":"https:\/\/radiokissnoticias.com.ar\/web\/wp-json\/wp\/v2\/media?parent=10417"}],"wp:term":[{"taxonomy":"category","embeddable":true,"href":"https:\/\/radiokissnoticias.com.ar\/web\/wp-json\/wp\/v2\/categories?post=10417"},{"taxonomy":"post_tag","embeddable":true,"href":"https:\/\/radiokissnoticias.com.ar\/web\/wp-json\/wp\/v2\/tags?post=10417"}],"curies":[{"name":"wp","href":"https:\/\/api.w.org\/{rel}","templated":true}]}}